{"id":84622,"date":"2025-11-19T09:43:07","date_gmt":"2025-11-19T09:43:07","guid":{"rendered":"https:\/\/www.europesays.com\/se\/84622\/"},"modified":"2025-11-19T09:43:07","modified_gmt":"2025-11-19T09:43:07","slug":"blev-inte-kim-hellberg-gar-for-vitor-matos","status":"publish","type":"post","link":"https:\/\/www.europesays.com\/se\/84622\/","title":{"rendered":"Blev inte Kim Hellberg \u2013 g\u00e5r f\u00f6r Vitor Matos"},"content":{"rendered":"<p><strong>Kim Hellberg uppgavs vara s\u00e5 gott som klar f\u00f6r Swansea City.<br \/>Ist\u00e4llet ser han nu ut att ta \u00f6ver Middlesbrough.<br \/>Den walesiska klubben ser d\u00e4rf\u00f6r ist\u00e4llet ut att v\u00e4nda sig till Vitor Matos.  <\/strong><\/p>\n<p><img loading=\"lazy\" decoding=\"async\" width=\"1024\" height=\"576\" src=\"https:\/\/www.europesays.com\/se\/wp-content\/uploads\/2025\/11\/Vitor-1024x576.jpg\" alt=\"\" class=\"wp-image-342146\"  \/>Foto: Bildbyr\u00e5n<\/p>\n<p>Skriverierna kring Kim Hellberg har varit m\u00e5nga den senaste tiden.<br \/><a href=\"https:\/\/fotbolldirekt.se\/silly-season\/lokalmedia-kim-hellberg-tar-over-swansea-lamnar-hammarby\/\" rel=\"nofollow noopener\" target=\"_blank\">I helgen uppgavs han enligt lokalmedia<\/a> var klar f\u00f6r att ta \u00f6ver Swansea, men sedan i m\u00e5ndags kom nya uppgifter om att<a href=\"https:\/\/fotbolldirekt.se\/silly-season\/uppgifter-hellberg-ar-overens-med-middlesbrough\/\" rel=\"nofollow noopener\" target=\"_blank\"> 37-\u00e5ringen ist\u00e4llet v\u00e4ntas ta \u00f6ver Middlesbrough<\/a>, n\u00e5got som f\u00f6rv\u00e4ntas bli officiellt inom kort. <\/p>\n<p>I och med detta s\u00e5 \u00e4r Swansea alltj\u00e4mt p\u00e5 jakt efter en ny huvudtr\u00e4nare och efter att det inte ser ut att bli Hellberg s\u00e5 verkar nu den walesiska klubben ha v\u00e4nt blickarna mot ett tidigare <a href=\"https:\/\/fotbolldirekt.se\/klubb\/liverpool\/\" rel=\"nofollow noopener\" target=\"_blank\">Liverpool<\/a>-namn.<\/p>\n<p>Talksport rapporterar att, som var utvecklingstr\u00e4nare i den engelska storklubben mellan 2019 och 2024, \u00e4r huvudkandidat till att ta \u00f6ver klubben.<\/p>\n<p>37-\u00e5ringen tr\u00e4nar just nu Mar\u00edtimo i den portugisisk andraligan och d\u00e4r s\u00e4gs han ha imponerat.  <\/p>\n","protected":false},"excerpt":{"rendered":"Kim Hellberg uppgavs vara s\u00e5 gott som klar f\u00f6r Swansea City.Ist\u00e4llet ser han nu ut att ta \u00f6ver&hellip;\n","protected":false},"author":2,"featured_media":84623,"comment_status":"","ping_status":"","sticky":false,"template":"","format":"standard","meta":{"footnotes":""},"categories":[68],"tags":[774,34,111,110,31,33,32,30],"class_list":{"0":"post-84622","1":"post","2":"type-post","3":"status-publish","4":"format-standard","5":"has-post-thumbnail","7":"category-sport","8":"tag-mini-top-block-1","9":"tag-se","10":"tag-sport","11":"tag-sports","12":"tag-svenska","13":"tag-sverige","14":"tag-sweden","15":"tag-swedish"},"share_on_mastodon":{"url":"https:\/\/pubeurope.com\/@se\/115575718236881598","error":""},"_links":{"self":[{"href":"https:\/\/www.europesays.com\/se\/wp-json\/wp\/v2\/posts\/84622","targetHints":{"allow":["GET"]}}],"collection":[{"href":"https:\/\/www.europesays.com\/se\/wp-json\/wp\/v2\/posts"}],"about":[{"href":"https:\/\/www.europesays.com\/se\/wp-json\/wp\/v2\/types\/post"}],"author":[{"embeddable":true,"href":"https:\/\/www.europesays.com\/se\/wp-json\/wp\/v2\/users\/2"}],"replies":[{"embeddable":true,"href":"https:\/\/www.europesays.com\/se\/wp-json\/wp\/v2\/comments?post=84622"}],"version-history":[{"count":0,"href":"https:\/\/www.europesays.com\/se\/wp-json\/wp\/v2\/posts\/84622\/revisions"}],"wp:featuredmedia":[{"embeddable":true,"href":"https:\/\/www.europesays.com\/se\/wp-json\/wp\/v2\/media\/84623"}],"wp:attachment":[{"href":"https:\/\/www.europesays.com\/se\/wp-json\/wp\/v2\/media?parent=84622"}],"wp:term":[{"taxonomy":"category","embeddable":true,"href":"https:\/\/www.europesays.com\/se\/wp-json\/wp\/v2\/categories?post=84622"},{"taxonomy":"post_tag","embeddable":true,"href":"https:\/\/www.europesays.com\/se\/wp-json\/wp\/v2\/tags?post=84622"}],"curies":[{"name":"wp","href":"https:\/\/api.w.org\/{rel}","templated":true}]}}