{"id":84626,"date":"2025-11-19T09:48:41","date_gmt":"2025-11-19T09:48:41","guid":{"rendered":"https:\/\/www.europesays.com\/se\/84626\/"},"modified":"2025-11-19T09:48:41","modified_gmt":"2025-11-19T09:48:41","slug":"i-dag-kommer-snon-som-ett-skyfall","status":"publish","type":"post","link":"https:\/\/www.europesays.com\/se\/84626\/","title":{"rendered":"I dag kommer sn\u00f6n: &#8221;Som ett skyfall&#8221;"},"content":{"rendered":"<p>Under den senaste veckan har vinterv\u00e4dret gjort entr\u00e9 med flera minusgrader. I b\u00f6rjan av veckan fick de \u00f6stra delarna av l\u00e4net sin f\u00f6rsta sn\u00f6, och under onsdagen ska \u00e4ven de norra och v\u00e4stra delarna f\u00e5 ett vitt t\u00e4cke.\u00a0\u2013 Det kommer in ett kraftigt sn\u00f6fall som r\u00f6r sig fr\u00e5n \u00d6rebro mot G\u00e4vle och passerar Uppland, d\u00e5 kan det falla mellan fem och tio centimeter, s\u00e4ger There<\/p>\n","protected":false},"excerpt":{"rendered":"Under den senaste veckan har vinterv\u00e4dret gjort entr\u00e9 med flera minusgrader. I b\u00f6rjan av veckan fick de \u00f6stra&hellip;\n","protected":false},"author":2,"featured_media":84627,"comment_status":"","ping_status":"","sticky":false,"template":"","format":"standard","meta":{"footnotes":""},"categories":[12],"tags":[22,23,26,27,17,21,24,25,28,29,15,16,18,34,31,33,32,30,19,20],"class_list":{"0":"post-84626","1":"post","2":"type-post","3":"status-publish","4":"format-standard","5":"has-post-thumbnail","7":"category-sverige","8":"tag-breaking-news","9":"tag-breakingnews","10":"tag-featured-news","11":"tag-featurednews","12":"tag-headlines","13":"tag-huvudnyheter","14":"tag-latest-news","15":"tag-latestnews","16":"tag-main-news","17":"tag-mainnews","18":"tag-news","19":"tag-nyheter","20":"tag-rubriker","21":"tag-se","22":"tag-svenska","23":"tag-sverige","24":"tag-sweden","25":"tag-swedish","26":"tag-top-stories","27":"tag-topstories"},"share_on_mastodon":{"url":"https:\/\/pubeurope.com\/@se\/115575737801606228","error":""},"_links":{"self":[{"href":"https:\/\/www.europesays.com\/se\/wp-json\/wp\/v2\/posts\/84626","targetHints":{"allow":["GET"]}}],"collection":[{"href":"https:\/\/www.europesays.com\/se\/wp-json\/wp\/v2\/posts"}],"about":[{"href":"https:\/\/www.europesays.com\/se\/wp-json\/wp\/v2\/types\/post"}],"author":[{"embeddable":true,"href":"https:\/\/www.europesays.com\/se\/wp-json\/wp\/v2\/users\/2"}],"replies":[{"embeddable":true,"href":"https:\/\/www.europesays.com\/se\/wp-json\/wp\/v2\/comments?post=84626"}],"version-history":[{"count":0,"href":"https:\/\/www.europesays.com\/se\/wp-json\/wp\/v2\/posts\/84626\/revisions"}],"wp:featuredmedia":[{"embeddable":true,"href":"https:\/\/www.europesays.com\/se\/wp-json\/wp\/v2\/media\/84627"}],"wp:attachment":[{"href":"https:\/\/www.europesays.com\/se\/wp-json\/wp\/v2\/media?parent=84626"}],"wp:term":[{"taxonomy":"category","embeddable":true,"href":"https:\/\/www.europesays.com\/se\/wp-json\/wp\/v2\/categories?post=84626"},{"taxonomy":"post_tag","embeddable":true,"href":"https:\/\/www.europesays.com\/se\/wp-json\/wp\/v2\/tags?post=84626"}],"curies":[{"name":"wp","href":"https:\/\/api.w.org\/{rel}","templated":true}]}}