{"id":84628,"date":"2025-11-19T09:49:25","date_gmt":"2025-11-19T09:49:25","guid":{"rendered":"https:\/\/www.europesays.com\/se\/84628\/"},"modified":"2025-11-19T09:49:25","modified_gmt":"2025-11-19T09:49:25","slug":"vi-maste-dra-at-svangremmen-allsvenskan","status":"publish","type":"post","link":"https:\/\/www.europesays.com\/se\/84628\/","title":{"rendered":"\u201dVi m\u00e5ste dra \u00e5t sv\u00e5ngremmen\u201d | Allsvenskan"},"content":{"rendered":"<p>Publicerad 18 nov 2025 kl 05.00Uppdaterad kl 07.19<\/p>\n<p>PremiumAnders P\u00e5lsson flaggar f\u00f6r en betydande ekonomisk f\u00f6rlust.<\/p>\n<p>Sv\u00e5ngremmen m\u00e5ste dras \u00e5t \u2013 men inte p\u00e5 bekostnad av spelartruppens kvalitet.<\/p>\n<p>\u2013 Vi inser att man inte kan spara sig helt och h\u00e5llet ur den h\u00e4r situationen som vi \u00e4r i, s\u00e4ger Malm\u00f6 FF:s ordf\u00f6rande.<\/p>\n<p><img   alt=\"\"\/><\/p>\n<p>Ordf\u00f6rande Anders P\u00e5lsson och sportchef Daniel Andersson.<\/p>\n<p>Foto: PETTER ARVIDSON \/ BILDBYR\u00c5N<\/p>\n<p>\u00d6ppna bild i helsk\u00e4rm<\/p>\n","protected":false},"excerpt":{"rendered":"Publicerad 18 nov 2025 kl 05.00Uppdaterad kl 07.19 PremiumAnders P\u00e5lsson flaggar f\u00f6r en betydande ekonomisk f\u00f6rlust. Sv\u00e5ngremmen m\u00e5ste&hellip;\n","protected":false},"author":2,"featured_media":84629,"comment_status":"","ping_status":"","sticky":false,"template":"","format":"standard","meta":{"footnotes":""},"categories":[5],"tags":[22,23,26,27,17,21,24,25,28,29,15,16,555,358,103,18,34,130,129,31,33,32,30,19,20],"class_list":{"0":"post-84628","1":"post","2":"type-post","3":"status-publish","4":"format-standard","5":"has-post-thumbnail","7":"category-rubriker","8":"tag-breaking-news","9":"tag-breakingnews","10":"tag-featured-news","11":"tag-featurednews","12":"tag-headlines","13":"tag-huvudnyheter","14":"tag-latest-news","15":"tag-latestnews","16":"tag-main-news","17":"tag-mainnews","18":"tag-news","19":"tag-nyheter","20":"tag-organization-allsvenskan","21":"tag-organization-malmo-ff","22":"tag-premium","23":"tag-rubriker","24":"tag-se","25":"tag-sections-allsvenskan","26":"tag-sections-fotboll","27":"tag-svenska","28":"tag-sverige","29":"tag-sweden","30":"tag-swedish","31":"tag-top-stories","32":"tag-topstories"},"share_on_mastodon":{"url":"https:\/\/pubeurope.com\/@se\/115575741684762279","error":""},"_links":{"self":[{"href":"https:\/\/www.europesays.com\/se\/wp-json\/wp\/v2\/posts\/84628","targetHints":{"allow":["GET"]}}],"collection":[{"href":"https:\/\/www.europesays.com\/se\/wp-json\/wp\/v2\/posts"}],"about":[{"href":"https:\/\/www.europesays.com\/se\/wp-json\/wp\/v2\/types\/post"}],"author":[{"embeddable":true,"href":"https:\/\/www.europesays.com\/se\/wp-json\/wp\/v2\/users\/2"}],"replies":[{"embeddable":true,"href":"https:\/\/www.europesays.com\/se\/wp-json\/wp\/v2\/comments?post=84628"}],"version-history":[{"count":0,"href":"https:\/\/www.europesays.com\/se\/wp-json\/wp\/v2\/posts\/84628\/revisions"}],"wp:featuredmedia":[{"embeddable":true,"href":"https:\/\/www.europesays.com\/se\/wp-json\/wp\/v2\/media\/84629"}],"wp:attachment":[{"href":"https:\/\/www.europesays.com\/se\/wp-json\/wp\/v2\/media?parent=84628"}],"wp:term":[{"taxonomy":"category","embeddable":true,"href":"https:\/\/www.europesays.com\/se\/wp-json\/wp\/v2\/categories?post=84628"},{"taxonomy":"post_tag","embeddable":true,"href":"https:\/\/www.europesays.com\/se\/wp-json\/wp\/v2\/tags?post=84628"}],"curies":[{"name":"wp","href":"https:\/\/api.w.org\/{rel}","templated":true}]}}