{"id":84664,"date":"2025-11-19T10:22:09","date_gmt":"2025-11-19T10:22:09","guid":{"rendered":"https:\/\/www.europesays.com\/se\/84664\/"},"modified":"2025-11-19T10:22:09","modified_gmt":"2025-11-19T10:22:09","slug":"hur-vill-ni-ha-det-nar-ni-blir-gamla","status":"publish","type":"post","link":"https:\/\/www.europesays.com\/se\/84664\/","title":{"rendered":"Hur vill ni ha det n\u00e4r ni blir gamla?"},"content":{"rendered":"<p>Det \u00e4r med t\u00e5rar i \u00f6gonen som vi anh\u00f6riga l\u00e4ser att undersk\u00f6terskor och v\u00e5rdbitr\u00e4den som \u00e4r duktiga, kloka och med stor erfarenhet tvingas \u00f6verge sina jobb, f\u00f6r att l\u00f6nen \u00e4r s\u00e5 l\u00e5g att de inte kan leva p\u00e5 den.\u00a0<\/p>\n<p>De som \u00e4r i behov av hemtj\u00e4nst eller plats p\u00e5 \u00e4ldreboende m\u00e5ste ha tillg\u00e5ng till bra kompetent personal f\u00f6r att kunna k\u00e4nna sig trygga. Likas\u00e5 beh\u00f6ver vi anh\u00f6riga r\u00e4tt till god omv\u00e5rdnad av v\u00e5ra k\u00e4ra.<\/p>\n<p>Ni som s\u00e4tter l\u00f6nerna, T\u00c4NK TILL och t\u00e4nk tanken att Ni sj\u00e4lva en dag beh\u00f6ver denna omsorg. Hur vill ni ha det d\u00e5?<\/p>\n<p>Det f\u00e5r heller inte bli f\u00f6r stor rotation p\u00e5 personalen utan trygg kompetent personal ger trygghet \u00e5t brukare och oss anh\u00f6riga.<\/p>\n<p>Dags att fundera en extra g\u00e5ng. Ge personalen b\u00e4ttre l\u00f6ner och feedback f\u00f6r att f\u00e5 bra stabil personalgrupp. Vilket kommer generera i god och bra omv\u00e5rdnad f\u00f6r brukare och anh\u00f6riga.<\/p>\n<p><strong>Katarina Vernersson Kopowski<\/strong><\/p>\n<p><strong>Ordf\u00f6rande i Parkinson Kalmar l\u00e4nsf\u00f6rening och i lokalf\u00f6reningen i V\u00e4stervik, samt anh\u00f6rig<\/strong><\/p>\n","protected":false},"excerpt":{"rendered":"Det \u00e4r med t\u00e5rar i \u00f6gonen som vi anh\u00f6riga l\u00e4ser att undersk\u00f6terskor och v\u00e5rdbitr\u00e4den som \u00e4r duktiga, kloka&hellip;\n","protected":false},"author":2,"featured_media":84665,"comment_status":"","ping_status":"","sticky":false,"template":"","format":"standard","meta":{"footnotes":""},"categories":[69],"tags":[113,112,34,31,33,32,30],"class_list":{"0":"post-84664","1":"post","2":"type-post","3":"status-publish","4":"format-standard","5":"has-post-thumbnail","7":"category-halsa","8":"tag-halsa","9":"tag-health","10":"tag-se","11":"tag-svenska","12":"tag-sverige","13":"tag-sweden","14":"tag-swedish"},"share_on_mastodon":{"url":"https:\/\/pubeurope.com\/@se\/115575871592292030","error":""},"_links":{"self":[{"href":"https:\/\/www.europesays.com\/se\/wp-json\/wp\/v2\/posts\/84664","targetHints":{"allow":["GET"]}}],"collection":[{"href":"https:\/\/www.europesays.com\/se\/wp-json\/wp\/v2\/posts"}],"about":[{"href":"https:\/\/www.europesays.com\/se\/wp-json\/wp\/v2\/types\/post"}],"author":[{"embeddable":true,"href":"https:\/\/www.europesays.com\/se\/wp-json\/wp\/v2\/users\/2"}],"replies":[{"embeddable":true,"href":"https:\/\/www.europesays.com\/se\/wp-json\/wp\/v2\/comments?post=84664"}],"version-history":[{"count":0,"href":"https:\/\/www.europesays.com\/se\/wp-json\/wp\/v2\/posts\/84664\/revisions"}],"wp:featuredmedia":[{"embeddable":true,"href":"https:\/\/www.europesays.com\/se\/wp-json\/wp\/v2\/media\/84665"}],"wp:attachment":[{"href":"https:\/\/www.europesays.com\/se\/wp-json\/wp\/v2\/media?parent=84664"}],"wp:term":[{"taxonomy":"category","embeddable":true,"href":"https:\/\/www.europesays.com\/se\/wp-json\/wp\/v2\/categories?post=84664"},{"taxonomy":"post_tag","embeddable":true,"href":"https:\/\/www.europesays.com\/se\/wp-json\/wp\/v2\/tags?post=84664"}],"curies":[{"name":"wp","href":"https:\/\/api.w.org\/{rel}","templated":true}]}}