{"id":84687,"date":"2025-11-19T10:42:18","date_gmt":"2025-11-19T10:42:18","guid":{"rendered":"https:\/\/www.europesays.com\/se\/84687\/"},"modified":"2025-11-19T10:42:18","modified_gmt":"2025-11-19T10:42:18","slug":"frida-bratt-lamnar-nordnet-nya-utmaningar","status":"publish","type":"post","link":"https:\/\/www.europesays.com\/se\/84687\/","title":{"rendered":"Frida Bratt l\u00e4mnar Nordnet: \u201dNya utmaningar\u201d"},"content":{"rendered":"<p>Frida Bratt l\u00e4mnar rollen som sparekonom p\u00e5 Nordnet efter sju \u00e5r p\u00e5 posten. Det skriver hon i ett inl\u00e4gg p\u00e5 Linkedin. <\/p>\n<p>\u201dDet \u00e4r dags f\u00f6r mig att ta n\u00e4sta kliv i karri\u00e4ren. Jag har haft v\u00e4rldens roligaste jobb och \u00e4r otroligt stolt \u00f6ver det arbete vi gjort, framf\u00f6r allt med att sl\u00e5ss f\u00f6r bra villkor f\u00f6r sparande\u201d, heter det.<\/p>\n<p>Bratt uppger att hon nu g\u00e5r mot \u201dnya sp\u00e4nnande utmaningar inom mediebranschen\u201d. Vilken tj\u00e4nst det handlar om eller n\u00e4r hon tilltr\u00e4der framg\u00e5r inte.<\/p>\n<p>Omni \u00e4r politiskt obundna och oberoende. Vi str\u00e4var efter att ge fler perspektiv p\u00e5 nyheterna. Har du fr\u00e5gor eller synpunkter kring v\u00e5r rapportering? <a href=\"https:\/\/omni.se\/frida-bratt-lamnar-nordnet\/a\/mailto:redaktion@omni.se\" class=\"ArticleActions_contactLink__W2F1M\" rel=\"nofollow noopener\" target=\"_blank\">Kontakta redaktionen<\/a><\/p>\n","protected":false},"excerpt":{"rendered":"Frida Bratt l\u00e4mnar rollen som sparekonom p\u00e5 Nordnet efter sju \u00e5r p\u00e5 posten. Det skriver hon i ett&hellip;\n","protected":false},"author":2,"featured_media":84688,"comment_status":"","ping_status":"","sticky":false,"template":"","format":"standard","meta":{"footnotes":""},"categories":[65],"tags":[72,70,71,8744,5905,349,34,31,33,32,30],"class_list":{"0":"post-84687","1":"post","2":"type-post","3":"status-publish","4":"format-standard","5":"has-post-thumbnail","7":"category-ekonomi","8":"tag-business","9":"tag-economy","10":"tag-ekonomi","11":"tag-frida-bratt","12":"tag-nordnet","13":"tag-privatekonomi","14":"tag-se","15":"tag-svenska","16":"tag-sverige","17":"tag-sweden","18":"tag-swedish"},"share_on_mastodon":{"url":"https:\/\/pubeurope.com\/@se\/115575950063416639","error":""},"_links":{"self":[{"href":"https:\/\/www.europesays.com\/se\/wp-json\/wp\/v2\/posts\/84687","targetHints":{"allow":["GET"]}}],"collection":[{"href":"https:\/\/www.europesays.com\/se\/wp-json\/wp\/v2\/posts"}],"about":[{"href":"https:\/\/www.europesays.com\/se\/wp-json\/wp\/v2\/types\/post"}],"author":[{"embeddable":true,"href":"https:\/\/www.europesays.com\/se\/wp-json\/wp\/v2\/users\/2"}],"replies":[{"embeddable":true,"href":"https:\/\/www.europesays.com\/se\/wp-json\/wp\/v2\/comments?post=84687"}],"version-history":[{"count":0,"href":"https:\/\/www.europesays.com\/se\/wp-json\/wp\/v2\/posts\/84687\/revisions"}],"wp:featuredmedia":[{"embeddable":true,"href":"https:\/\/www.europesays.com\/se\/wp-json\/wp\/v2\/media\/84688"}],"wp:attachment":[{"href":"https:\/\/www.europesays.com\/se\/wp-json\/wp\/v2\/media?parent=84687"}],"wp:term":[{"taxonomy":"category","embeddable":true,"href":"https:\/\/www.europesays.com\/se\/wp-json\/wp\/v2\/categories?post=84687"},{"taxonomy":"post_tag","embeddable":true,"href":"https:\/\/www.europesays.com\/se\/wp-json\/wp\/v2\/tags?post=84687"}],"curies":[{"name":"wp","href":"https:\/\/api.w.org\/{rel}","templated":true}]}}