{"id":84793,"date":"2025-11-19T12:58:14","date_gmt":"2025-11-19T12:58:14","guid":{"rendered":"https:\/\/www.europesays.com\/se\/84793\/"},"modified":"2025-11-19T12:58:14","modified_gmt":"2025-11-19T12:58:14","slug":"vart-att-veta-om-pancreascancer","status":"publish","type":"post","link":"https:\/\/www.europesays.com\/se\/84793\/","title":{"rendered":"V\u00e4rt att veta: Om pancreascancer"},"content":{"rendered":"<p>Den 20 november infaller World Pancreatic Cancer Day (WPCD). Dagen syftar till att uppm\u00e4rksamma sjukdomen, \u00f6ka medvetenheten och samla in pengar till forskningen f\u00f6r att f\u00e5 fram b\u00e4ttre metoder att \u00f6ka \u00f6verlevnaden.\u00a0<\/p>\n<p>Men vad \u00e4r pancreascancer, och varf\u00f6r \u00e4r den s\u00e5 sv\u00e5r att bli frisk ifr\u00e5n? Daniel \u00d6hlund, docent och specialistl\u00e4kare i onkologi vid Ume\u00e5 universitet, Institutionen f\u00f6r diagnsotik och intervention f\u00f6rklarar mer om sjukdomen, dess f\u00f6rlopp och vilka symptom man ska vara uppm\u00e4rksam p\u00e5.\u00a0<\/p>\n<p>Vad \u00e4r pankreascancer och varf\u00f6r \u00e4r den s\u00e5 sv\u00e5r att uppt\u00e4cka i tid<\/p>\n<p>Pankreascancer (ocks\u00e5 omn\u00e4mnt som bukspottk\u00f6rtelcancer p\u00e5 svenska) \u00e4r en elakartad tum\u00f6r som uppst\u00e5r i bukspottk\u00f6rteln \u2013 ett organ som ligger djupt i buken och har viktiga funktioner f\u00f6r matsm\u00e4ltning och blodsockerreglering. Den \u00e4r sv\u00e5r att uppt\u00e4cka tidigt eftersom den ofta ger f\u00e5 eller ospecifika symtom i b\u00f6rjan. Tum\u00f6ren kan v\u00e4xa l\u00e4nge utan att m\u00e4rkas, och n\u00e4r symtomen v\u00e4l kommer \u00e4r sjukdomen ofta redan spridd. Detta g\u00f6r att prognosen fortfarande \u00e4r d\u00e5lig f\u00f6r patienter med pankrascancer, s\u00e4rskilt j\u00e4mf\u00f6rt med andra prognosen f\u00f6r andra cancersjukdomar.\u00a0<\/p>\n<p>Vilka \u00e4r de vanligaste symptomen \u2013 och n\u00e4r b\u00f6r man s\u00f6ka v\u00e5rd<\/p>\n<p>Symtomen \u00e4r ospecifika och omfattar:<\/p>\n<p>&#8211; Gulsot (gul hud och \u00f6gonvitor)<\/p>\n<p>&#8211; Of\u00f6rklarlig viktnedg\u00e5ng<\/p>\n<p>&#8211; Buk- eller ryggsm\u00e4rta<\/p>\n<p>&#8211; Nedsatt aptit och tr\u00f6tthet<\/p>\n<p>&#8211; Nydebuterad diabetes hos vuxna<\/p>\n<p>\u00a0<\/p>\n<p>            Det h\u00e4r \u00e4r pancreascancer<\/p>\n<p>Bukspottk\u00f6rtelcancer uppst\u00e5r oftast i de sm\u00e5 g\u00e5ngar i bukspottk\u00f6rteln d\u00e4r bukspottet rinner ut.<\/p>\n<p>Cirka 1 500 personer diagnostiseras \u00e5rligen i Sverige med bukspottk\u00f6rtelcancer. Tre fj\u00e4rdedelar av de som blir sjuka \u00e4r \u00f6ver 65 \u00e5r.<\/p>\n<p>Av de som drabbas av bukspottk\u00f6rtelcancer ber\u00e4knas 8,6 procent kvinnor och 6,2 procent m\u00e4n leva fem \u00e5r efter att de f\u00e5tt diagnosen<\/p>\n<p>K\u00e4lla: <a href=\"https:\/\/www.cancerfonden.se\/om-cancer\/cancersjukdomar\/bukspottkortelcancer?_gl=1*1jw3qvp*_up*MQ..*_gs*MQ..&amp;gclid=CjwKCAiA8vXIBhAtEiwAf3B-g3_Pk16K4UDCwF2BCKbyxB_lCWMiZduLoNSOk-4teHELRm1uTbJyORoCUKoQAvD_BwE&amp;gbraid=0AAAAADcklc3TU62YKijFM4DXfAuvQRHLb\" rel=\"nofollow noopener\" target=\"_blank\">Cancerfonden<\/a><\/p>\n<p>\u00a0<br \/>\nVilka riskfaktorer \u00f6kar sannolikheten att drabbas av pankreascancer<\/p>\n<p>Det finns ett antal faktorer som leder till en \u00f6kad risk att utveckla pankreascancer:\u00a0<\/p>\n<p>&#8211; R\u00f6kning (en av de starkaste riskfaktorerna)<\/p>\n<p>&#8211; H\u00f6g \u00e5lder<\/p>\n<p>&#8211; Kronisk pankreatit (inflammation i bukspottk\u00f6rteln)<\/p>\n<p>&#8211; \u00c4rftliga faktorer (t.ex. mutationer i BRCA eller familj\u00e4r pankreascancer)<\/p>\n<p>Vilka framsteg har gjorts inom forskningen de senaste \u00e5ren<\/p>\n<p>Senaste decenniet har intresset f\u00f6r forskning kring pankreascancer \u00f6kat. Detta har lett till f\u00f6rb\u00e4ttrade kirurgiska metoder och kombinationer av cytostatika som har \u00f6kat \u00f6verlevnaden f\u00f6r vissa patienter. Nya biomark\u00f6rer i blod och v\u00e4vnad utvecklas f\u00f6r att uppt\u00e4cka sjukdomen tidigare \u00e4r ocks\u00e5 under utveckling. Senaste \u00e5ren har \u00e4ven nya typer av m\u00e5lriktade behandlingar tagits fram som inom de n\u00e4rmaste \u00e5ren kan f\u00f6rv\u00e4ntas introduceras i klinisk praxis, och som kan f\u00f6rv\u00e4ntas f\u00f6rb\u00e4ttra prognosen, s\u00e4rskilt f\u00f6r patienter som har en spridd sjukdom.<\/p>\n<p>Hur ser forskningen vid Ume\u00e5 universitet ut och vad \u00e4r p\u00e5 g\u00e5ng hos oss<\/p>\n<p>Vid Ume\u00e5 universitet bedrivs forskning inom flera olika omr\u00e5den, bland annat:<\/p>\n<p>&#8211; Tum\u00f6rens st\u00f6djev\u00e4vnad, s\u00e4rskilt cancer-associerade fibroblaster (fibroblaster= celltyp som producerar den omfattande tum\u00f6rbindv\u00e4v som \u00e5terfinns i stor omfattning i pankreascancertum\u00f6rer) och hur de p\u00e5verkar cancerceller och immunf\u00f6rsvaret.<\/p>\n<p>&#8211; Biomark\u00f6rer i blod f\u00f6r att f\u00f6ruts\u00e4ga behandlingssvar och prognos.<\/p>\n<p>&#8211; Nya behandlingsstrategier, som att modulera tum\u00f6rens st\u00f6djev\u00e4vnad f\u00f6r att g\u00f6ra den mer mottaglig f\u00f6r terapi.<\/p>\n<p>&#8211; Nya metoder att endoskopiskt (=unders\u00f6kning eller behandling fr\u00e5n insidan av kroppen med ett smalt instrument med kamera, som f\u00f6rs in via munnen) diagnostisera och behandla pankreascancer<\/p>\n<p>&#8211; Kliniska samarbeten f\u00f6r att koppla laboratoriefynd till patientdata och f\u00f6rb\u00e4ttra precisionen i behandling.<\/p>\n<p>Vid Ume\u00e5 Universitet p\u00e5g\u00e5r ett flertal kliniska studier, d\u00e4r patienter inkluderas f\u00f6r att testa nya behandlingsmetoder och f\u00f6r att donera blod och v\u00e4vnad f\u00f6r att m\u00f6jligg\u00f6ra forskning om nya biomark\u00f6rer.\u00a0<\/p>\n<p>\u00a0<\/p>\n","protected":false},"excerpt":{"rendered":"Den 20 november infaller World Pancreatic Cancer Day (WPCD). Dagen syftar till att uppm\u00e4rksamma sjukdomen, \u00f6ka medvetenheten och&hellip;\n","protected":false},"author":2,"featured_media":84794,"comment_status":"","ping_status":"","sticky":false,"template":"","format":"standard","meta":{"footnotes":""},"categories":[69],"tags":[113,112,34,31,33,32,30],"class_list":{"0":"post-84793","1":"post","2":"type-post","3":"status-publish","4":"format-standard","5":"has-post-thumbnail","7":"category-halsa","8":"tag-halsa","9":"tag-health","10":"tag-se","11":"tag-svenska","12":"tag-sverige","13":"tag-sweden","14":"tag-swedish"},"share_on_mastodon":{"url":"https:\/\/pubeurope.com\/@se\/115576485035048937","error":""},"_links":{"self":[{"href":"https:\/\/www.europesays.com\/se\/wp-json\/wp\/v2\/posts\/84793","targetHints":{"allow":["GET"]}}],"collection":[{"href":"https:\/\/www.europesays.com\/se\/wp-json\/wp\/v2\/posts"}],"about":[{"href":"https:\/\/www.europesays.com\/se\/wp-json\/wp\/v2\/types\/post"}],"author":[{"embeddable":true,"href":"https:\/\/www.europesays.com\/se\/wp-json\/wp\/v2\/users\/2"}],"replies":[{"embeddable":true,"href":"https:\/\/www.europesays.com\/se\/wp-json\/wp\/v2\/comments?post=84793"}],"version-history":[{"count":0,"href":"https:\/\/www.europesays.com\/se\/wp-json\/wp\/v2\/posts\/84793\/revisions"}],"wp:featuredmedia":[{"embeddable":true,"href":"https:\/\/www.europesays.com\/se\/wp-json\/wp\/v2\/media\/84794"}],"wp:attachment":[{"href":"https:\/\/www.europesays.com\/se\/wp-json\/wp\/v2\/media?parent=84793"}],"wp:term":[{"taxonomy":"category","embeddable":true,"href":"https:\/\/www.europesays.com\/se\/wp-json\/wp\/v2\/categories?post=84793"},{"taxonomy":"post_tag","embeddable":true,"href":"https:\/\/www.europesays.com\/se\/wp-json\/wp\/v2\/tags?post=84793"}],"curies":[{"name":"wp","href":"https:\/\/api.w.org\/{rel}","templated":true}]}}