{"id":8483,"date":"2025-08-19T09:31:07","date_gmt":"2025-08-19T09:31:07","guid":{"rendered":"https:\/\/www.europesays.com\/se\/8483\/"},"modified":"2025-08-19T09:31:07","modified_gmt":"2025-08-19T09:31:07","slug":"se-upp-med-dolda-fallan-nar-du-sparar-i-fonder","status":"publish","type":"post","link":"https:\/\/www.europesays.com\/se\/8483\/","title":{"rendered":"Se upp med dolda f\u00e4llan n\u00e4r du sparar i fonder"},"content":{"rendered":"<p>Publicerad 19 aug 2025 kl 11.00<\/p>\n<p>PremiumTycker du ocks\u00e5 att det g\u00e5r tr\u00f6gt med ditt fondsparande i \u00e5r?<\/p>\n<p>Trots att index stiger ligger dina globalfonder fortfarande p\u00e5 minus.<\/p>\n<p>Det beror p\u00e5 en effekt som l\u00e5ngt ifr\u00e5n alla sm\u00e5sparare \u00e4r medvetna om.<\/p>\n<p>\u2013\u00a0Jag f\u00e5r m\u00e5nga fr\u00e5gor om detta, s\u00e4ger Felicia Sch\u00f6n, privatekonom p\u00e5 Avanza.<\/p>\n<p> S\u00e5 skyddar du dig mot dolda minuseffekten.<\/p>\n<p> Fonderna som toppar k\u00f6plistan nu.<\/p>\n<p><img   alt=\"\"\/><\/p>\n<p>Kronans f\u00f6rst\u00e4rkning har drabbat de som sparar i dollark\u00f6pta globalfonder.<\/p>\n<p>Foto: Arsenii Palivoda \/ Shutterstock<\/p>\n","protected":false},"excerpt":{"rendered":"Publicerad 19 aug 2025 kl 11.00 PremiumTycker du ocks\u00e5 att det g\u00e5r tr\u00f6gt med ditt fondsparande i \u00e5r?&hellip;\n","protected":false},"author":2,"featured_media":8484,"comment_status":"","ping_status":"","sticky":false,"template":"","format":"standard","meta":{"footnotes":""},"categories":[65],"tags":[72,70,71,1261,1262,1263,103,34,1260,31,33,32,30,1061,1264],"class_list":{"0":"post-8483","1":"post","2":"type-post","3":"status-publish","4":"format-standard","5":"has-post-thumbnail","7":"category-ekonomi","8":"tag-business","9":"tag-economy","10":"tag-ekonomi","11":"tag-organization-avanza","12":"tag-organization-dow-jones","13":"tag-organization-fondbolagens-forening","14":"tag-premium","15":"tag-se","16":"tag-sections-aktierochbors","17":"tag-svenska","18":"tag-sverige","19":"tag-sweden","20":"tag-swedish","21":"tag-topic-spartips","22":"tag-topic-valuta"},"share_on_mastodon":{"url":"","error":""},"_links":{"self":[{"href":"https:\/\/www.europesays.com\/se\/wp-json\/wp\/v2\/posts\/8483","targetHints":{"allow":["GET"]}}],"collection":[{"href":"https:\/\/www.europesays.com\/se\/wp-json\/wp\/v2\/posts"}],"about":[{"href":"https:\/\/www.europesays.com\/se\/wp-json\/wp\/v2\/types\/post"}],"author":[{"embeddable":true,"href":"https:\/\/www.europesays.com\/se\/wp-json\/wp\/v2\/users\/2"}],"replies":[{"embeddable":true,"href":"https:\/\/www.europesays.com\/se\/wp-json\/wp\/v2\/comments?post=8483"}],"version-history":[{"count":0,"href":"https:\/\/www.europesays.com\/se\/wp-json\/wp\/v2\/posts\/8483\/revisions"}],"wp:featuredmedia":[{"embeddable":true,"href":"https:\/\/www.europesays.com\/se\/wp-json\/wp\/v2\/media\/8484"}],"wp:attachment":[{"href":"https:\/\/www.europesays.com\/se\/wp-json\/wp\/v2\/media?parent=8483"}],"wp:term":[{"taxonomy":"category","embeddable":true,"href":"https:\/\/www.europesays.com\/se\/wp-json\/wp\/v2\/categories?post=8483"},{"taxonomy":"post_tag","embeddable":true,"href":"https:\/\/www.europesays.com\/se\/wp-json\/wp\/v2\/tags?post=8483"}],"curies":[{"name":"wp","href":"https:\/\/api.w.org\/{rel}","templated":true}]}}