{"id":84830,"date":"2025-11-19T13:31:19","date_gmt":"2025-11-19T13:31:19","guid":{"rendered":"https:\/\/www.europesays.com\/se\/84830\/"},"modified":"2025-11-19T13:31:19","modified_gmt":"2025-11-19T13:31:19","slug":"emil-forsberg-ser-fram-emot-playoff-nu-har-vi-chansen-att-skapa-nya-minnen","status":"publish","type":"post","link":"https:\/\/www.europesays.com\/se\/84830\/","title":{"rendered":"Emil Forsberg ser fram emot playoff: \u201dNu har vi chansen att skapa nya minnen\u201d"},"content":{"rendered":"<p>\nEmil Forsberg var med och f\u00f6rde Sverige till VM 2018. Nu hoppas han f\u00e5 uppleva det igen, kanske mot samma Italien som besegrades i november 2017.<br \/>\n\u2013 Jag har varit med om det f\u00f6rut och vet hur fantastiskt det \u00e4r, s\u00e4ger 34-\u00e5ringen. <\/p>\n<p>Sverige slutade p\u00e5 sista plats i sin VM-kvalgrupp, med tv\u00e5 po\u00e4ng p\u00e5 sex matcher. Men trots fiaskot ska landslaget spela playoff i mars, tack vare gruppsegern i Nations League 2024. Efter krysset hemma mot Slovenien kommenterade Emil Forsberg <\/p>\n<p style=\"line-height: 1.38; margin-top: 0pt; margin-bottom: 0pt\">\u2013 Vi ska vinna. Jag tror att det kommer bli tufft, det \u00e4r viktigt nu att vi som landslag har n\u00e5got positivt att se fram emot \u2013 och det tycker jag att playoffet blir. Jag tycker alla ska ta sats mot det och skapa n\u00e5gonting fantastiskt som vi gjort tidigare, som jag sj\u00e4lv varit med om, s\u00e4ger Forsberg i den mixade zonen. <\/p>\n<p style=\"line-height: 1.38; margin-top: 0pt; margin-bottom: 0pt\">Mittf\u00e4ltaren, som spelar klubblagsfotboll i New York Red Bulls i MLS, har goda minnen fr\u00e5n playoff-spel. Emil Forsberg var n\u00e4mligen med och slog ut Danmark n\u00e4r landslaget tog sig till EM 2016, och spelade 90 minuter n\u00e4r Sverige bragdartat slog ut Italien p\u00e5 San Siro 2017. Danmark och Italien \u00e4r tv\u00e5 av Bl\u00e5gults potentiella motst\u00e5ndare i semifinalen. Turkiet och Ukraina \u00e4r ocks\u00e5 potentiella motst\u00e5ndare, de sistn\u00e4mnda slog ut Sverige ur EM 2021. <\/p>\n<p style=\"line-height: 1.38; margin-top: 0pt; margin-bottom: 0pt\"><strong>\u2013 <\/strong>Ja fy fan, det var tufft d\u00e5, s\u00e4ger Forsberg. Men nu har vi chans att skapa nya minnen. Jag har varit med om det f\u00f6rut och vet hur fantastiskt det \u00e4r att uppleva n\u00e5got s\u00e5dant. S\u00e5 det \u00e4r det vi siktar p\u00e5 nu i mars, det h\u00e4r VM-kvalet \u00e4r egentligen bara att gl\u00f6mma. <\/p>\n<p><img loading=\"lazy\" decoding=\"async\" src=\"https:\/\/www.europesays.com\/se\/wp-content\/uploads\/2025\/11\/2029366.jpg\" width=\"1000\" height=\"500\"\/>Ukraina slog ut Sverige ur EM 2021. <\/p>\n<p><strong>Hyllar Graham Potter efter f\u00f6rsta samlingen<\/strong><\/p>\n<p style=\"line-height: 1.38; margin-top: 0pt; margin-bottom: 0pt\">Efter f\u00f6rlusten mot Kosovo i oktober fick Jon Dahl Tomasson sparken fr\u00e5n sin roll som f\u00f6rbundskapten. Kort d\u00e4refter tillsattes Graham Potter, med ett tydligt m\u00e5l: Att ta Sverige till VM-slutspelet i Nordamerika 2026. Emil Forsberg hyllar sin nya tr\u00e4nare efter den f\u00f6rsta landslagssamlingen. <\/p>\n<p style=\"line-height: 1.38; margin-top: 0pt; margin-bottom: 0pt\">\u2013 Jag tror att alla k\u00e4nner att den h\u00e4r veckan var bra. Vi fick bygga p\u00e5 n\u00e5gonting, komma ihop som grupp och l\u00e4ra k\u00e4nna Graham. N\u00e4r man v\u00e4l kommer hit s\u00e5 g\u00e4ller det att sl\u00e4ppa allt annat och jag tror att vi har alla m\u00f6jligheter i v\u00e4rlden att l\u00f6sa det (att ta sig till VM), s\u00e4ger han. <\/p>\n<p style=\"line-height: 1.38; margin-top: 0pt; margin-bottom: 0pt\">Trots att mer \u00e4n 30 000 biljetter var s\u00e5lda till g\u00e5rdagens match mot Slovenien landade den slutgiltiga publiksiffran bara p\u00e5 25 000. Fredrik Ljungberg uttryckte i Viaplays s\u00e4ndning att han aldrig upplevt det s\u00e5 tyst och att han blev ledsen. Men den rutinerade 34-\u00e5ringen har f\u00f6rst\u00e5else f\u00f6r fansen. <\/p>\n<p style=\"line-height: 1.38; margin-top: 0pt; margin-bottom: 0pt\">\u2013 Det har varit ett tufft \u00e5r och med resultat kommer \u00e4ven folket, s\u00e5 \u00e4r det i varje sport. Men jag \u00e4r oerh\u00f6rt glad f\u00f6r alla som kom idag och jag tycker att de skapar en st\u00e4mning \u00e4nd\u00e5, avslutar Forsberg. <\/p>\n<p style=\"line-height: 1.38; margin-top: 0pt; margin-bottom: 0pt\">Sverige inleder playoffet med en direkt avg\u00f6rande semifinal p\u00e5 bortaplan. Om det blir Turkiet, Italien, Ukraina eller Danmark avg\u00f6rs redan imorgon, torsdag, klockan 13.00. <\/p>\n","protected":false},"excerpt":{"rendered":"Emil Forsberg var med och f\u00f6rde Sverige till VM 2018. Nu hoppas han f\u00e5 uppleva det igen, kanske&hellip;\n","protected":false},"author":2,"featured_media":84831,"comment_status":"","ping_status":"","sticky":false,"template":"","format":"standard","meta":{"footnotes":""},"categories":[68],"tags":[159,158,157,138,156,165,164,140,34,160,162,111,110,31,161,33,32,30,163],"class_list":{"0":"post-84830","1":"post","2":"type-post","3":"status-publish","4":"format-standard","5":"has-post-thumbnail","7":"category-sport","8":"tag-allsvenskan","9":"tag-fans","10":"tag-fantv","11":"tag-fotboll","12":"tag-hockey","13":"tag-matcher","14":"tag-matchprogram","15":"tag-premier-league","16":"tag-se","17":"tag-serie-a","18":"tag-spelschema","19":"tag-sport","20":"tag-sports","21":"tag-svenska","22":"tag-svenskafans","23":"tag-sverige","24":"tag-sweden","25":"tag-swedish","26":"tag-tabeller"},"share_on_mastodon":{"url":"https:\/\/pubeurope.com\/@se\/115576614724003328","error":""},"_links":{"self":[{"href":"https:\/\/www.europesays.com\/se\/wp-json\/wp\/v2\/posts\/84830","targetHints":{"allow":["GET"]}}],"collection":[{"href":"https:\/\/www.europesays.com\/se\/wp-json\/wp\/v2\/posts"}],"about":[{"href":"https:\/\/www.europesays.com\/se\/wp-json\/wp\/v2\/types\/post"}],"author":[{"embeddable":true,"href":"https:\/\/www.europesays.com\/se\/wp-json\/wp\/v2\/users\/2"}],"replies":[{"embeddable":true,"href":"https:\/\/www.europesays.com\/se\/wp-json\/wp\/v2\/comments?post=84830"}],"version-history":[{"count":0,"href":"https:\/\/www.europesays.com\/se\/wp-json\/wp\/v2\/posts\/84830\/revisions"}],"wp:featuredmedia":[{"embeddable":true,"href":"https:\/\/www.europesays.com\/se\/wp-json\/wp\/v2\/media\/84831"}],"wp:attachment":[{"href":"https:\/\/www.europesays.com\/se\/wp-json\/wp\/v2\/media?parent=84830"}],"wp:term":[{"taxonomy":"category","embeddable":true,"href":"https:\/\/www.europesays.com\/se\/wp-json\/wp\/v2\/categories?post=84830"},{"taxonomy":"post_tag","embeddable":true,"href":"https:\/\/www.europesays.com\/se\/wp-json\/wp\/v2\/tags?post=84830"}],"curies":[{"name":"wp","href":"https:\/\/api.w.org\/{rel}","templated":true}]}}