{"id":84862,"date":"2025-11-19T14:08:14","date_gmt":"2025-11-19T14:08:14","guid":{"rendered":"https:\/\/www.europesays.com\/se\/84862\/"},"modified":"2025-11-19T14:08:14","modified_gmt":"2025-11-19T14:08:14","slug":"sabotaget-kan-vara-en-krigsforberedelse","status":"publish","type":"post","link":"https:\/\/www.europesays.com\/se\/84862\/","title":{"rendered":"Sabotaget kan vara en krigsf\u00f6rberedelse"},"content":{"rendered":"<p>Sabotaget p\u00e5 j\u00e4rnv\u00e4gen mellan Warszawa och Lublin har v\u00e4ckt stor oro i Polen.<\/p>\n<p>General Wieslaw Kukula beskriver situationen som ett f\u00f6rkrigstillst\u00e5nd.<\/p>\n<p>\u2013 Det ska skapa gynnsamma f\u00f6ruts\u00e4ttningar f\u00f6r en eventuell aggression p\u00e5 polskt territorium, s\u00e4ger han.<\/p>\n<p>Senaste nyhetsklippen fr\u00e5n Expressen.<img   alt=\"\"\/><\/p>\n<p>Polens general Wieslaw Kukula.<\/p>\n<p>Foto: ADAM WARZAWA \/ PAP<\/p>\n<p>\u00d6ppna bild i helsk\u00e4rm<img loading=\"lazy\"   alt=\"\"\/><\/p>\n<p>En explosion intr\u00e4ffade p\u00e5 s\u00f6ndagen vid j\u00e4rnv\u00e4gen mellan Warszawa och Lublin.<\/p>\n<p>Foto: PRZEMYSLAW PIATKOWSKI \/ PAP<\/p>\n<p>\u00d6ppna bild i helsk\u00e4rm<\/p>\n<p>P\u00e5 s\u00f6ndagsmorgonen <a href=\"https:\/\/www.expressen.se\/nyheter\/varlden\/natos-besked-efter-explosionen-i-polen\/\" rel=\"nofollow noopener\" target=\"_blank\">intr\u00e4ffade en explosion<\/a> i anslutning till banvallen p\u00e5 j\u00e4rnv\u00e4gslinjen mellan Warszawa och Lublin.<\/p>\n<p>Str\u00e4ckan f\u00f6rbinder huvudstaden med gr\u00e4nsen till Ukraina och \u00e4r kritisk f\u00f6r transporter av b\u00e5de milit\u00e4r utrustning och hj\u00e4lps\u00e4ndningar till det krigsh\u00e4rjade landet.<\/p>\n<p>\u201dSpr\u00e4ngningen av j\u00e4rnv\u00e4gssp\u00e5ret p\u00e5 str\u00e4ckan Warszawa\u2013Lublin \u00e4r en aldrig tidigare sk\u00e5dad sabotagehandling som riktar sig direkt mot den polska statens och dess medborgares s\u00e4kerhet\u201d, konstaterade premi\u00e4rminister Donald Tusk p\u00e5 X.<\/p>\n<p>Generalen: \u201dF\u00f6rkrigstillst\u00e5nd\u201d<\/p>\n<p>Vem som ligger bakom sabotaget \u00e4r \u00e4nnu ok\u00e4nt, men en utredning ledd av landets s\u00e4kerhetstj\u00e4nst har inletts.<\/p>\n<p>Enligt den polske generalen Wieslaw Kukula kan incidenten vara ett led i en hybridkrigf\u00f6ring mot landet.<\/p>\n<p>\u2013 Det vi har i dag \u00e4r inte krig, utan ett f\u00f6rkrigstillst\u00e5nd eller n\u00e5got som vi vanligtvis kallar hybridkrig, s\u00e4ger han i en intervju med polsk radio enligt <a href=\"https:\/\/wiadomosci.wp.pl\/general-kukula-ostrzega-adwersarz-przygotowuje-sie-do-wojny-7222804092816256a\" rel=\"nofollow noopener\" target=\"_blank\">Wiadomosci<\/a>.<\/p>\n<p>Syftet, menar han, \u00e4r att undergr\u00e4va f\u00f6rtroendet f\u00f6r regeringen och andra samh\u00e4llsorgan som f\u00f6rsvarsmakten och polisen.<\/p>\n<p>\u2013 Det ska skapa gynnsamma f\u00f6ruts\u00e4ttningar f\u00f6r en eventuell aggression p\u00e5 polskt territorium, s\u00e4ger han.<\/p>\n<p>Krism\u00f6te i s\u00e4kerhetskommitt\u00e9n<\/p>\n<p>Kukula betonar samtidigt att s\u00e5dana operationer inte beh\u00f6ver leda till en direkt v\u00e4pnad konflikt.<\/p>\n<p>\u2013 Jag vill \u00e4nnu en g\u00e5ng understryka att det viktigaste i dag \u00e4r v\u00e5r h\u00e5llning och v\u00e5r reaktion, s\u00e4ger han.<\/p>\n<p>P\u00e5 m\u00e5ndagen har Donald Tusk kallat till ett extrainsatt m\u00f6te med <a href=\"https:\/\/www.expressen.se\/tagg\/location\/polen\/\" class=\"\" rel=\"nofollow noopener\" target=\"_blank\">Polens<\/a> nationella s\u00e4kerhetskommitt\u00e9 f\u00f6r att diskutera situationen. \u00c4ven Nato har konsulterats.<\/p>\n<p>\u2013 Vi har t\u00e4ta kontakter med Polen. Nu m\u00e5ste vi avvakta utredningen, sade Natochefen Mark Rutte p\u00e5 en presskonferens tidigare under dagen.\u00a0<\/p>\n<p><strong>L\u00c4S MER: <\/strong><a href=\"https:\/\/www.expressen.se\/nyheter\/varlden\/natos-besked-efter-explosionen-i-polen\/\" class=\"\" rel=\"nofollow noopener\" target=\"_blank\">Natos besked efter explosionen i Polen<\/a><\/p>\n","protected":false},"excerpt":{"rendered":"Sabotaget p\u00e5 j\u00e4rnv\u00e4gen mellan Warszawa och Lublin har v\u00e4ckt stor oro i Polen. General Wieslaw Kukula beskriver situationen&hellip;\n","protected":false},"author":2,"featured_media":84863,"comment_status":"","ping_status":"","sticky":false,"template":"","format":"standard","meta":{"footnotes":""},"categories":[14],"tags":[22,23,26,27,17,21,24,25,3515,28,29,15,276,16,3516,18,34,55,31,33,32,30,19,2599,20,51,52,53,54],"class_list":{"0":"post-84862","1":"post","2":"type-post","3":"status-publish","4":"format-standard","5":"has-post-thumbnail","7":"category-varlden","8":"tag-breaking-news","9":"tag-breakingnews","10":"tag-featured-news","11":"tag-featurednews","12":"tag-headlines","13":"tag-huvudnyheter","14":"tag-latest-news","15":"tag-latestnews","16":"tag-location-polen","17":"tag-main-news","18":"tag-mainnews","19":"tag-news","20":"tag-newsstory-kriget-i-ukraina","21":"tag-nyheter","22":"tag-person-donald-tusk","23":"tag-rubriker","24":"tag-se","25":"tag-sections-varlden","26":"tag-svenska","27":"tag-sverige","28":"tag-sweden","29":"tag-swedish","30":"tag-top-stories","31":"tag-topic-skadegorelse-sabotage","32":"tag-topstories","33":"tag-varlden","34":"tag-world","35":"tag-world-news","36":"tag-worldnews"},"share_on_mastodon":{"url":"https:\/\/pubeurope.com\/@se\/115576760307750004","error":""},"_links":{"self":[{"href":"https:\/\/www.europesays.com\/se\/wp-json\/wp\/v2\/posts\/84862","targetHints":{"allow":["GET"]}}],"collection":[{"href":"https:\/\/www.europesays.com\/se\/wp-json\/wp\/v2\/posts"}],"about":[{"href":"https:\/\/www.europesays.com\/se\/wp-json\/wp\/v2\/types\/post"}],"author":[{"embeddable":true,"href":"https:\/\/www.europesays.com\/se\/wp-json\/wp\/v2\/users\/2"}],"replies":[{"embeddable":true,"href":"https:\/\/www.europesays.com\/se\/wp-json\/wp\/v2\/comments?post=84862"}],"version-history":[{"count":0,"href":"https:\/\/www.europesays.com\/se\/wp-json\/wp\/v2\/posts\/84862\/revisions"}],"wp:featuredmedia":[{"embeddable":true,"href":"https:\/\/www.europesays.com\/se\/wp-json\/wp\/v2\/media\/84863"}],"wp:attachment":[{"href":"https:\/\/www.europesays.com\/se\/wp-json\/wp\/v2\/media?parent=84862"}],"wp:term":[{"taxonomy":"category","embeddable":true,"href":"https:\/\/www.europesays.com\/se\/wp-json\/wp\/v2\/categories?post=84862"},{"taxonomy":"post_tag","embeddable":true,"href":"https:\/\/www.europesays.com\/se\/wp-json\/wp\/v2\/tags?post=84862"}],"curies":[{"name":"wp","href":"https:\/\/api.w.org\/{rel}","templated":true}]}}