{"id":84934,"date":"2025-11-19T15:11:07","date_gmt":"2025-11-19T15:11:07","guid":{"rendered":"https:\/\/www.europesays.com\/se\/84934\/"},"modified":"2025-11-19T15:11:07","modified_gmt":"2025-11-19T15:11:07","slug":"tva-nya-aterstallningsverktyg-ar-pa-gang-for-windows-11","status":"publish","type":"post","link":"https:\/\/www.europesays.com\/se\/84934\/","title":{"rendered":"Tv\u00e5 nya \u00e5terst\u00e4llningsverktyg \u00e4r p\u00e5 g\u00e5ng f\u00f6r Windows 11"},"content":{"rendered":"<p>I samband med \u00e5rets upplaga av Microsofts utvecklarkonferens Ignite presenterades tv\u00e5 nya \u00e5terst\u00e4llningsverktyg f\u00f6r Windows 11.<\/p>\n<p>Det f\u00f6rsta verktyget kallas f\u00f6r Point-in-Time Restore (PITR) och g\u00f6r det m\u00f6jligt att skapa en \u00e5terst\u00e4llningspunkt som man kan \u00e5terv\u00e4nda till vid behov.<\/p>\n<p>Den stora skillnaden j\u00e4mf\u00f6rt med den nuvarande system\u00e5terst\u00e4llningen \u00e4r att \u00e4ven lokala filer och appar kan \u00e5terst\u00e4llas med hj\u00e4lp av PITR.<\/p>\n<p>Det andra verktyget kallas f\u00f6r Cloud Rebuild och g\u00f6r det m\u00f6jligt att installera om Windows 11 fr\u00e5n grunden via det s\u00e5 kallade molnet, rapporterar <a href=\"https:\/\/idg.digidip.net\/visit?url=https:\/\/www.bleepingcomputer.com\/news\/microsoft\/windows-11-gets-new-cloud-rebuild-point-in-time-restore-tools\/&amp;currurl=https:\/\/www.pcforalla.se\/article\/2977667\/tva-nya-aterstallningsverktyg-ar-pa-gang-for-windows-11.html&amp;ref=8-1-2977667-1-0-0-0-0\" data-type=\"link\" data-id=\"https:\/\/www.bleepingcomputer.com\/news\/microsoft\/windows-11-gets-new-cloud-rebuild-point-in-time-restore-tools\/\" rel=\"nofollow noopener\" data-subtag=\"8-1-2977667-1-0-0-0-0\" data-domain-name=\"bleepingcomputer\" target=\"_blank\">Bleeping Computer<\/a>.<\/p>\n<p>I sammanhanget kan n\u00e4mnas att Microsoft \u00e4ven <a href=\"https:\/\/www.pcforalla.se\/article\/2526668\/starta-om-trilskande-system-pa-distans.html\" data-type=\"link\" data-id=\"https:\/\/www.pcforalla.se\/article\/2526668\/starta-om-trilskande-system-pa-distans.html\" rel=\"nofollow noopener\" target=\"_blank\">testar en ny version av Quick Machine Recovery<\/a>, funktionen som g\u00f6r det m\u00f6jligt f\u00f6r IT-administrat\u00f6rer att starta om trilskande system p\u00e5 distans.<\/p>\n<p>De nya \u00e5terst\u00e4llningsverktygen kommer att bli en del av Microsoft Intune och rullas ut under det f\u00f6rsta halv\u00e5ret 2026.<\/p>\n","protected":false},"excerpt":{"rendered":"I samband med \u00e5rets upplaga av Microsofts utvecklarkonferens Ignite presenterades tv\u00e5 nya \u00e5terst\u00e4llningsverktyg f\u00f6r Windows 11. Det f\u00f6rsta&hellip;\n","protected":false},"author":2,"featured_media":84935,"comment_status":"","ping_status":"","sticky":false,"template":"","format":"standard","meta":{"footnotes":""},"categories":[66],"tags":[80,78,79,34,31,33,32,30,81,84,83,82],"class_list":{"0":"post-84934","1":"post","2":"type-post","3":"status-publish","4":"format-standard","5":"has-post-thumbnail","7":"category-vetenskap-och-teknik","8":"tag-science","9":"tag-science-and-technology","10":"tag-scienceandtechnology","11":"tag-se","12":"tag-svenska","13":"tag-sverige","14":"tag-sweden","15":"tag-swedish","16":"tag-technology","17":"tag-teknik","18":"tag-vetenskap","19":"tag-vetenskapteknik"},"share_on_mastodon":{"url":"https:\/\/pubeurope.com\/@se\/115577007975825266","error":""},"_links":{"self":[{"href":"https:\/\/www.europesays.com\/se\/wp-json\/wp\/v2\/posts\/84934","targetHints":{"allow":["GET"]}}],"collection":[{"href":"https:\/\/www.europesays.com\/se\/wp-json\/wp\/v2\/posts"}],"about":[{"href":"https:\/\/www.europesays.com\/se\/wp-json\/wp\/v2\/types\/post"}],"author":[{"embeddable":true,"href":"https:\/\/www.europesays.com\/se\/wp-json\/wp\/v2\/users\/2"}],"replies":[{"embeddable":true,"href":"https:\/\/www.europesays.com\/se\/wp-json\/wp\/v2\/comments?post=84934"}],"version-history":[{"count":0,"href":"https:\/\/www.europesays.com\/se\/wp-json\/wp\/v2\/posts\/84934\/revisions"}],"wp:featuredmedia":[{"embeddable":true,"href":"https:\/\/www.europesays.com\/se\/wp-json\/wp\/v2\/media\/84935"}],"wp:attachment":[{"href":"https:\/\/www.europesays.com\/se\/wp-json\/wp\/v2\/media?parent=84934"}],"wp:term":[{"taxonomy":"category","embeddable":true,"href":"https:\/\/www.europesays.com\/se\/wp-json\/wp\/v2\/categories?post=84934"},{"taxonomy":"post_tag","embeddable":true,"href":"https:\/\/www.europesays.com\/se\/wp-json\/wp\/v2\/tags?post=84934"}],"curies":[{"name":"wp","href":"https:\/\/api.w.org\/{rel}","templated":true}]}}