{"id":84968,"date":"2025-11-19T15:47:23","date_gmt":"2025-11-19T15:47:23","guid":{"rendered":"https:\/\/www.europesays.com\/se\/84968\/"},"modified":"2025-11-19T15:47:23","modified_gmt":"2025-11-19T15:47:23","slug":"odesbeslutet-tanker-inte-se-partiet-ga-under-svd","status":"publish","type":"post","link":"https:\/\/www.europesays.com\/se\/84968\/","title":{"rendered":"\u00d6desbeslutet: \u201dT\u00e4nker inte se partiet g\u00e5 under\u201d &#8211; SvD"},"content":{"rendered":"<ol>\n<li><a href=\"https:\/\/news.google.com\/rss\/articles\/CBMijAFBVV95cUxPT19EZTNqa3NTT2JSYTdiTGVMVHdrVEl0LUlyV2YyR1dPeDZsQWhNdkc5WVM2Y2pGenZQd0ktYnVyVGlqczBKQnpKa3Bpd1V4N3dDQjM3Qk9LSjFiNng4U2xYVG1mck9CTXQ1cXZKOXpmUUkxakthdHJQUWpNWnA1TmdvWWFaSnZrYVEzYg?oc=5\" target=\"_blank\" rel=\"nofollow noopener\">\u00d6desbeslutet: \u201dT\u00e4nker inte se partiet g\u00e5 under\u201d<\/a>&nbsp;&nbsp;SvD<\/li>\n<li><a href=\"https:\/\/news.google.com\/rss\/articles\/CBMiiwFBVV95cUxNa3lTdWNrMWdyWVV0cTNCNFJvTTFHQXdUc1YyTHBKYXY4dXZpT3MwWGNLNUhOY1haTFpCVTBsc3BpR0l5RDdkTGU0UWUxd1hOMnlSYWRHTTdNMVJMZjZGQTBqc1R5WUZHejVxdGZmREs1WDRXa3lYMkZ0Y0FjZzh2b3V1T1RYbHBYOWln?oc=5\" target=\"_blank\" rel=\"nofollow noopener\">Pourmokhtari: D\u00e4rf\u00f6r kan SD inte sitta i regering<\/a>&nbsp;&nbsp;SVT Nyheter<\/li>\n<li><a href=\"https:\/\/news.google.com\/rss\/articles\/CBMipAFBVV95cUxQSktlMVJuMnpYT2IySXRnZ0dKUzZuRktyZklKUUsyQkp4S1d2RDlxWHpKWVJHbE9TdWpNV3BxMmZGdVhPRnJneWtjRFVVMlhTXzd1dGxHWmo1U0pWNTZfalZ0cFNocC1aOEJZRGZ2b0QweW9uNVZHRDZOODN3aTNadElFSkxYT293d1RkdWFhRklXSkRCemRNQVJyM3FkTVowVUp6Vw?oc=5\" target=\"_blank\" rel=\"nofollow noopener\">\u00c5kesson har nog r\u00e4tt om att Mohamsson bluffar<\/a>&nbsp;&nbsp;Aftonbladet<\/li>\n<li><a href=\"https:\/\/news.google.com\/rss\/articles\/CBMikAFBVV95cUxPYW81M2hTN212OUtZV1dVVDRMZklXZ2QwTkVlblVseDJvbm95amNQMGVLZ1NIQXRYMTRIdnA3Z29WRkZLZGZRZk41cGYtTkhsbXhFOEpxSVlVTEhoeUpvaWgza3NzVGNsNVNKMU5CMnFEVWZTeUNNM1B2UGVheUY3MlNMRkd1ZGh2aGg4THFSaFM?oc=5\" target=\"_blank\" rel=\"nofollow noopener\">D\u00e5 kan Mohamsson hotas \u2013 oron i partiet<\/a>&nbsp;&nbsp;Expressen<\/li>\n<li><a href=\"https:\/\/news.google.com\/rss\/articles\/CBMirgFBVV95cUxQdkpoaUxJdVM4MkY5Szh0dF9MMkx5MkoyVkNlRGtfcmtPT3NPWk5WTXhaOGlBU1V5aGNkSlBTZ2ViTWtCY0s3T2ExR1lrYWk5U3JqWVlDdFhieHZhcTdnV2RjZWh0YzJaMTZlQ2NOeThaYkR3NTRlWWI5RVpFNzlxMVE1a2IxeWtRSFZrd1ZpeFloS0U2emVNc3Zra0RzckNEbmFDdVJYU0dfM0JfNXc?oc=5\" target=\"_blank\" rel=\"nofollow noopener\">Helena Giss\u00e9n om SD:s och L:s viktigaste fr\u00e5gor inf\u00f6r partiernas storm\u00f6ten<\/a>&nbsp;&nbsp;Sveriges Radio<\/li>\n<\/ol>\n","protected":false},"excerpt":{"rendered":"\u00d6desbeslutet: \u201dT\u00e4nker inte se partiet g\u00e5 under\u201d&nbsp;&nbsp;SvD Pourmokhtari: D\u00e4rf\u00f6r kan SD inte sitta i regering&nbsp;&nbsp;SVT Nyheter \u00c5kesson har&hellip;\n","protected":false},"author":2,"featured_media":84969,"comment_status":"","ping_status":"","sticky":false,"template":"","format":"standard","meta":{"footnotes":""},"categories":[5],"tags":[22,23,26,27,17,21,24,25,28,29,15,16,18,34,31,33,32,30,19,20],"class_list":{"0":"post-84968","1":"post","2":"type-post","3":"status-publish","4":"format-standard","5":"has-post-thumbnail","7":"category-rubriker","8":"tag-breaking-news","9":"tag-breakingnews","10":"tag-featured-news","11":"tag-featurednews","12":"tag-headlines","13":"tag-huvudnyheter","14":"tag-latest-news","15":"tag-latestnews","16":"tag-main-news","17":"tag-mainnews","18":"tag-news","19":"tag-nyheter","20":"tag-rubriker","21":"tag-se","22":"tag-svenska","23":"tag-sverige","24":"tag-sweden","25":"tag-swedish","26":"tag-top-stories","27":"tag-topstories"},"share_on_mastodon":{"url":"https:\/\/pubeurope.com\/@se\/115577149494690667","error":""},"_links":{"self":[{"href":"https:\/\/www.europesays.com\/se\/wp-json\/wp\/v2\/posts\/84968","targetHints":{"allow":["GET"]}}],"collection":[{"href":"https:\/\/www.europesays.com\/se\/wp-json\/wp\/v2\/posts"}],"about":[{"href":"https:\/\/www.europesays.com\/se\/wp-json\/wp\/v2\/types\/post"}],"author":[{"embeddable":true,"href":"https:\/\/www.europesays.com\/se\/wp-json\/wp\/v2\/users\/2"}],"replies":[{"embeddable":true,"href":"https:\/\/www.europesays.com\/se\/wp-json\/wp\/v2\/comments?post=84968"}],"version-history":[{"count":0,"href":"https:\/\/www.europesays.com\/se\/wp-json\/wp\/v2\/posts\/84968\/revisions"}],"wp:featuredmedia":[{"embeddable":true,"href":"https:\/\/www.europesays.com\/se\/wp-json\/wp\/v2\/media\/84969"}],"wp:attachment":[{"href":"https:\/\/www.europesays.com\/se\/wp-json\/wp\/v2\/media?parent=84968"}],"wp:term":[{"taxonomy":"category","embeddable":true,"href":"https:\/\/www.europesays.com\/se\/wp-json\/wp\/v2\/categories?post=84968"},{"taxonomy":"post_tag","embeddable":true,"href":"https:\/\/www.europesays.com\/se\/wp-json\/wp\/v2\/tags?post=84968"}],"curies":[{"name":"wp","href":"https:\/\/api.w.org\/{rel}","templated":true}]}}