{"id":84970,"date":"2025-11-19T15:48:09","date_gmt":"2025-11-19T15:48:09","guid":{"rendered":"https:\/\/www.europesays.com\/se\/84970\/"},"modified":"2025-11-19T15:48:09","modified_gmt":"2025-11-19T15:48:09","slug":"till-minne-av-anna-karlsson-1958-2025","status":"publish","type":"post","link":"https:\/\/www.europesays.com\/se\/84970\/","title":{"rendered":"Till minne av Anna Karlsson (1958-2025)"},"content":{"rendered":"<p>Bild:<\/p>\n<p> <img decoding=\"async\" src=\"https:\/\/www.europesays.com\/se\/wp-content\/uploads\/2025\/11\/Anna_Karlsson2.jpeg_custom20251119123913.jpg\" alt=\"Portr\u00e4ttfoto av Anna Karlsson, institutionen f\u00f6r laboratoriemedicin.\"\/><\/p>\n<p>Rubrik:<\/p>\n<p> Anna Karlsson (1958-2025). Foto: N\/A<\/p>\n<p>Anna Karlsson f\u00f6ddes i Stockholm den 24 mars 1958. Hon studerade medicin vid Karolinska Institutet och tog l\u00e4karexamen 1985. Sin doktorsgrad i medicinsk biokemi avlade hon 1990 efter handledning av Peter Reichard och Britta Wahren. Hon blev docent i medicinsk biokemi i 1996.\u00a0<\/p>\n<p>\u00c5ret d\u00e4rp\u00e5 erh\u00f6ll hon l\u00e4karlegitimation och flyttade till institutionen f\u00f6r laboratoriemedicin. Fr\u00e5n 2008 hade hon en f\u00f6renad anst\u00e4llning som professor i klinisk virologi vid Karolinska Institutet och specialistl\u00e4kare vid Karolinska Universitetssjukhuset. \u00c5r 2001 fick hon det prestigefyllda Descartespriset fr\u00e5n Europeiska kommissionen, som uppm\u00e4rksammar framst\u00e5ende forskare vars arbete fr\u00e4mjar internationellt forskningssamarbete inom alla vetenskapliga discipliner.<\/p>\n<p>Anna Karlsson hade en bakgrund som dansare och hennes intresse f\u00f6r hiv-forskning v\u00e4cktes n\u00e4r flera av hennes danskollegor insjuknade i aids. Under 1990-talet etablerade hon sig i internationella n\u00e4tverk som utvecklade kombinationsbehandlingar mot hiv-infektioner, vilka idag \u00e4r etablerade i klinisk praxis.\u00a0<\/p>\n<p>Hennes forskning fokuserade p\u00e5 olika s\u00e4tt att f\u00f6rebygga mutationer i hiv-virusets enzym omv\u00e4nt transkriptas och hon blev snabbt en internationell auktoritet inom omr\u00e5det. Hennes senare studier fokuserade mer p\u00e5 nukelosid- och nukelotidkinaser, vilka \u00e4r enzymer som aktiverar olika former av l\u00e4kemedel (nukleosidanaloger) som kan anv\u00e4ndas vid behandling av s\u00e5v\u00e4l virussjukdomar som olika former av cancer.\u00a0<\/p>\n<p>Anna Karlsson studerade dessa enzymer p\u00e5 b\u00e5de biokemisk niv\u00e5 och i musmodeller. Det arbetet f\u00f6rde henne s\u00e4rskilt vidare till forskning om mitokondriella nukleosidkinaser och deras m\u00f6jliga roll som m\u00e5lenzymer f\u00f6r att h\u00e4mma tum\u00f6rtillv\u00e4xt. Med tiden riktade hon allt st\u00f6rre fokus mot cancerforskning och hon var vetenskaplig sekreterare f\u00f6r Cancerfonden under flera \u00e5r, fram till 2024.\u00a0<\/p>\n<p>F\u00f6rutom sina vetenskapliga insatser inklusive hennes uppskattade roll i Nobelf\u00f6rsamlingen och Nobelkommitt\u00e9n hade Anna Karlsson ett stort antal centrala uppdrag vid Karolinska Institutet. Hon var under m\u00e5nga \u00e5r akademisk ledamot i Konsistoriet och under de senaste \u00e5ren bland annat ordf\u00f6rande i Docenturn\u00e4mnden samt ordf\u00f6rande i centrala Curriculumkommitt\u00e9n f\u00f6r den nya l\u00e4karutbildningen. Parallellt fortsatte hon sitt arbete som l\u00e4kare vid Karolinska Universitetssjukhuset d\u00e4r hon arbetade med diagnostik av virusinfektioner.\u00a0<\/p>\n<p>Anna Karlsson var en v\u00e4nlig, gener\u00f6s och \u00f6dmjuk person som ber\u00f6rde m\u00e5nga m\u00e4nniskor. Hon kommer att vara djupt saknad av alla v\u00e4nner och kollegor p\u00e5 KI.<\/p>\n<p><strong>Christian Giske, Sophie Curbo, Jonas Fuxe och Elias Arn\u00e9r <\/strong>f\u00f6r v\u00e4nner, kollegor och forskare vid Karolinska Institutet, Karolinska Universitetssjukhuset och Nobelf\u00f6rsamlingen\/Nobelkommitt\u00e9n.<\/p>\n<p>\u00a0<\/p>\n","protected":false},"excerpt":{"rendered":"Bild: Rubrik: Anna Karlsson (1958-2025). Foto: N\/A Anna Karlsson f\u00f6ddes i Stockholm den 24 mars 1958. Hon studerade&hellip;\n","protected":false},"author":2,"featured_media":84971,"comment_status":"","ping_status":"","sticky":false,"template":"","format":"standard","meta":{"footnotes":""},"categories":[69],"tags":[113,112,34,31,33,32,30],"class_list":{"0":"post-84970","1":"post","2":"type-post","3":"status-publish","4":"format-standard","5":"has-post-thumbnail","7":"category-halsa","8":"tag-halsa","9":"tag-health","10":"tag-se","11":"tag-svenska","12":"tag-sverige","13":"tag-sweden","14":"tag-swedish"},"share_on_mastodon":{"url":"https:\/\/pubeurope.com\/@se\/115577153633908201","error":""},"_links":{"self":[{"href":"https:\/\/www.europesays.com\/se\/wp-json\/wp\/v2\/posts\/84970","targetHints":{"allow":["GET"]}}],"collection":[{"href":"https:\/\/www.europesays.com\/se\/wp-json\/wp\/v2\/posts"}],"about":[{"href":"https:\/\/www.europesays.com\/se\/wp-json\/wp\/v2\/types\/post"}],"author":[{"embeddable":true,"href":"https:\/\/www.europesays.com\/se\/wp-json\/wp\/v2\/users\/2"}],"replies":[{"embeddable":true,"href":"https:\/\/www.europesays.com\/se\/wp-json\/wp\/v2\/comments?post=84970"}],"version-history":[{"count":0,"href":"https:\/\/www.europesays.com\/se\/wp-json\/wp\/v2\/posts\/84970\/revisions"}],"wp:featuredmedia":[{"embeddable":true,"href":"https:\/\/www.europesays.com\/se\/wp-json\/wp\/v2\/media\/84971"}],"wp:attachment":[{"href":"https:\/\/www.europesays.com\/se\/wp-json\/wp\/v2\/media?parent=84970"}],"wp:term":[{"taxonomy":"category","embeddable":true,"href":"https:\/\/www.europesays.com\/se\/wp-json\/wp\/v2\/categories?post=84970"},{"taxonomy":"post_tag","embeddable":true,"href":"https:\/\/www.europesays.com\/se\/wp-json\/wp\/v2\/tags?post=84970"}],"curies":[{"name":"wp","href":"https:\/\/api.w.org\/{rel}","templated":true}]}}