{"id":84981,"date":"2025-11-19T16:03:14","date_gmt":"2025-11-19T16:03:14","guid":{"rendered":"https:\/\/www.europesays.com\/se\/84981\/"},"modified":"2025-11-19T16:03:14","modified_gmt":"2025-11-19T16:03:14","slug":"recension-helhjartat-av-magdalena-andersson","status":"publish","type":"post","link":"https:\/\/www.europesays.com\/se\/84981\/","title":{"rendered":"Recension: \u201dHelhj\u00e4rtat\u201d av Magdalena Andersson"},"content":{"rendered":"<p>Publicerad 19 nov 2025 kl 05.00<\/p>\n<p>Magdalena Anderssons sj\u00e4lvbiografi str\u00f6var dagbokslikt genom 2025.<\/p>\n<p>Viktor Barth-Kron l\u00e4ser en intresseanm\u00e4lan till motljusportr\u00e4tt i DN L\u00f6rdag.<\/p>\n<p><img   alt=\"\"\/><\/p>\n<p>Magdalena Andersson \u00e4r Socialdemokraternas partiledare och debuterande f\u00f6rfattare.<\/p>\n<p>Foto: Johan Nilsson \/ TT<\/p>\n<p>\u00d6ppna bild i helsk\u00e4rm<\/p>\n<p><strong>RECENSION. <\/strong>N\u00e4r det g\u00e4ller politikerbiografier finns en enkel grundregel: Ju l\u00e4ngre tid som f\u00f6rflutit sedan avg\u00e5ngen, desto b\u00e4ttre bok.<\/p>\n<p><img loading=\"lazy\"   alt=\"\"\/> <\/p>\n<p>Foto: Bokf\u00f6rlaget Atlas<\/p>\n<p>\u00d6ppna bild i helsk\u00e4rm<\/p>\n<p>Tyv\u00e4rr har de flesta f\u00f6r br\u00e5ttom.<\/p>\n<p>F\u00f6rlag och f\u00f6rel\u00e4saragenturer vill smida medan k\u00e4ndisen \u00e4r varm. F\u00f6rfattaren sj\u00e4lv kan ocks\u00e5 drivas av akut uppr\u00e4ttelsebehov \u2013 de flesta politiska karri\u00e4rer slutar trots allt i n\u00e5got slags misslyckade.<\/p>\n<p>N\u00e4r skribenten fortfarande \u00e4r politiskt aktiv \u00e4r det i regel fel att ens tala om biografi. En s\u00e5dan bok ska ses som ett inl\u00e4gg i den dagspolitiska debatten; en intresseanm\u00e4lan till tv:s friktionsfria morgonsoffor och motljusportr\u00e4tt i DN L\u00f6rdag.\u00a0<\/p>\n<p>Hit kan vi definitivt r\u00e4kna \u201dHelhj\u00e4rtat\u201d, som Socialdemokraternas partiledare <strong>Magdalena Andersson<\/strong> l\u00e5ter publicera med knappt tio m\u00e5nader till valet.<\/p>\n<p>Den som vill vara elak kan kalla \u201dHelhj\u00e4rtat\u201d f\u00f6r ett g\u00e4ng talepunkter med brodyr emellan.<\/p>\n<p>St\u00f6rre delen \u00e4r skriven i en dagboksform som k\u00e4nns aningen f\u00f6r tillr\u00e4ttalagd f\u00f6r att vara just en dagbok. Statsministerkandidaten str\u00f6var fram genom 2025, stundtals p\u00e5 kryckor, b\u00e5de bokstavligen och bildligt. Hon iakttar nyhetsh\u00e4ndelser, funderar p\u00e5 saken, \u00e4ter ett \u00e4gg och landar i partiets noggrant utmejslade och redan uttjatade formuleringar.\u00a0<\/p>\n<p>Det \u00e4r inte bra f\u00f6r Sverige. <strong>Ulf Kristersson<\/strong> borde ta ansvar!<\/p>\n<blockquote><p>Om den h\u00e4r val\u00e5rspamfletten ger debutanten blodad tand finns nog tr\u00e5den till n\u00e4sta bokprojekt just h\u00e4r n\u00e5gonstans.<\/p><\/blockquote>\n<p>\u201dDagboken\u201d blandas med korta uppv\u00e4xtskildringar och rumstempererad naturromantik \u2013 mormor var fattig men stolt, p\u00e5 fj\u00e4rden guppar en m\u00e5s. De delarna \u00e4r mer intressanta, om \u00e4n inte omv\u00e4lvande. Det \u00e4r d\u00e4rf\u00f6r lite olyckligt att kapitlen i fr\u00e5ga kursiverats till n\u00e4rap\u00e5 ol\u00e4sbarhet.<\/p>\n<p>Vid ett tillf\u00e4lle tar Andersson ut sv\u00e4ngarna lite mer. D\u00e5 g\u00e4ller det hennes uppenbara favorit\u00e4mne: Nationalekonomi i allm\u00e4nhet, och den socialdemokratiska nationalekonomins kvaliteter i synnerhet.<\/p>\n<p>H\u00e4r h\u00f6r vi <a href=\"https:\/\/www.expressen.se\/tagg\/person\/magdalena-andersson\/\" class=\"\" rel=\"nofollow noopener\" target=\"_blank\">Magdalena Anderssons<\/a> egen r\u00f6st, inte pressavdelningens tangentbordsknatter.<\/p>\n<p>Av f\u00f6rlaget lovas vi svar p\u00e5 fr\u00e5gan om vad som \u201ddriver\u201d S-ledaren. H\u00e4r levererar man.<\/p>\n<p>Det \u00e4r tydligt: Magdalena Anderssons drivkraft \u00e4r en blandning av barnets r\u00e4ttvisepatos och ekonomens envisa \u00f6vertygelse om den egna favoritskolans f\u00f6rtr\u00e4fflighet.<\/p>\n<p><img loading=\"lazy\"   alt=\"\"\/><\/p>\n<p>Magdalena Andersson har tidigare ber\u00e4ttat att hon ofta har med sig ett kokt \u00e4gg i handv\u00e4skan.<\/p>\n<p>Foto: OLLE SPORRONG<\/p>\n<p>\u00d6ppna bild i helsk\u00e4rm<\/p>\n<p>Det \u00e4r faktiskt ingen dum kombination.<\/p>\n<p>Magdalena Anderssons stora styrka som politisk kommunikat\u00f6r \u00e4r f\u00f6rm\u00e5gan att f\u00f6rklara komplexa samband p\u00e5 ett s\u00e4tt som folk f\u00f6rst\u00e5r. Hon framst\u00e5r som smart och med koll p\u00e5 l\u00e4get, trots att man f\u00f6rst\u00e5r vad hon s\u00e4ger.<\/p>\n<p>Om den h\u00e4r val\u00e5rspamfletten ger debutanten blodad tand finns nog tr\u00e5den till n\u00e4sta bokprojekt just h\u00e4r n\u00e5gonstans.<\/p>\n<p>En pedagogiskt upplagd debattbok i nationalekonomi? Det vore nog roligare f\u00f6r alla.<\/p>\n<p>SAKPROSA<\/p>\n<p>MAGDALENA ANDERSSON<\/p>\n<p>Helhj\u00e4rtat<\/p>\n<p>Bokf\u00f6rlaget Atlas, 303 s.<\/p>\n<p>Visa mer<\/p>\n<p>Viktor Barth-Kron \u00e4r politisk kommentator p\u00e5 Expressen.\u00a0<\/p>\n","protected":false},"excerpt":{"rendered":"Publicerad 19 nov 2025 kl 05.00 Magdalena Anderssons sj\u00e4lvbiografi str\u00f6var dagbokslikt genom 2025. Viktor Barth-Kron l\u00e4ser en intresseanm\u00e4lan&hellip;\n","protected":false},"author":2,"featured_media":84982,"comment_status":"","ping_status":"","sticky":false,"template":"","format":"standard","meta":{"footnotes":""},"categories":[12],"tags":[22,23,26,27,17,21,24,25,212,28,29,15,16,3755,1207,18,34,438,31,33,32,30,19,1515,152,20],"class_list":{"0":"post-84981","1":"post","2":"type-post","3":"status-publish","4":"format-standard","5":"has-post-thumbnail","7":"category-sverige","8":"tag-breaking-news","9":"tag-breakingnews","10":"tag-featured-news","11":"tag-featurednews","12":"tag-headlines","13":"tag-huvudnyheter","14":"tag-latest-news","15":"tag-latestnews","16":"tag-location-sverige","17":"tag-main-news","18":"tag-mainnews","19":"tag-news","20":"tag-nyheter","21":"tag-organization-expressen-kultur","22":"tag-person-magdalena-andersson","23":"tag-rubriker","24":"tag-se","25":"tag-sections-bocker","26":"tag-svenska","27":"tag-sverige","28":"tag-sweden","29":"tag-swedish","30":"tag-top-stories","31":"tag-topic-bokrecensioner","32":"tag-topic-inrikespolitik","33":"tag-topstories"},"share_on_mastodon":{"url":"https:\/\/pubeurope.com\/@se\/115577212313052751","error":""},"_links":{"self":[{"href":"https:\/\/www.europesays.com\/se\/wp-json\/wp\/v2\/posts\/84981","targetHints":{"allow":["GET"]}}],"collection":[{"href":"https:\/\/www.europesays.com\/se\/wp-json\/wp\/v2\/posts"}],"about":[{"href":"https:\/\/www.europesays.com\/se\/wp-json\/wp\/v2\/types\/post"}],"author":[{"embeddable":true,"href":"https:\/\/www.europesays.com\/se\/wp-json\/wp\/v2\/users\/2"}],"replies":[{"embeddable":true,"href":"https:\/\/www.europesays.com\/se\/wp-json\/wp\/v2\/comments?post=84981"}],"version-history":[{"count":0,"href":"https:\/\/www.europesays.com\/se\/wp-json\/wp\/v2\/posts\/84981\/revisions"}],"wp:featuredmedia":[{"embeddable":true,"href":"https:\/\/www.europesays.com\/se\/wp-json\/wp\/v2\/media\/84982"}],"wp:attachment":[{"href":"https:\/\/www.europesays.com\/se\/wp-json\/wp\/v2\/media?parent=84981"}],"wp:term":[{"taxonomy":"category","embeddable":true,"href":"https:\/\/www.europesays.com\/se\/wp-json\/wp\/v2\/categories?post=84981"},{"taxonomy":"post_tag","embeddable":true,"href":"https:\/\/www.europesays.com\/se\/wp-json\/wp\/v2\/tags?post=84981"}],"curies":[{"name":"wp","href":"https:\/\/api.w.org\/{rel}","templated":true}]}}