{"id":85001,"date":"2025-11-19T16:32:27","date_gmt":"2025-11-19T16:32:27","guid":{"rendered":"https:\/\/www.europesays.com\/se\/85001\/"},"modified":"2025-11-19T16:32:27","modified_gmt":"2025-11-19T16:32:27","slug":"oneplus-retar-stort-batteri-och-100w-snabbladdning-for-snapdragon-8-gen-5-utrustad-ace-6t","status":"publish","type":"post","link":"https:\/\/www.europesays.com\/se\/85001\/","title":{"rendered":"OnePlus retar stort batteri och 100W snabbladdning f\u00f6r Snapdragon 8 Gen 5-utrustad Ace 6T"},"content":{"rendered":"<p>\t\t<a href=\"https:\/\/www.notebookcheck.se\/fileadmin\/Notebooks\/News\/_nc5\/OnePlus-shares-early-battery-details-of-Ace-6T.jpg\" data-caption=\"Ace 6T kommer att ha ett batteri med kapacitet st\u00f6rre \u00e4n 8.000 mAh. P\u00e5 bilden: en teaserbild av telefonen. (Bildk\u00e4lla: OnePlus - redigerad)\" rel=\"nofollow noopener\" target=\"_blank\"><img decoding=\"async\" src=\"https:\/\/www.europesays.com\/se\/wp-content\/uploads\/2025\/11\/csm_OnePlus-shares-early-battery-details-of-Ace-6T_3de90b2e36.jpg\" loading=\"lazy\" fetchpriority=\"high\" width=\"240\" height=\"180\" alt=\"Ace 6T kommer att ha ett batteri med kapacitet st\u00f6rre \u00e4n 8.000 mAh. P\u00e5 bilden: en teaserbild av telefonen. (Bildk\u00e4lla: OnePlus - redigerad)\"\/><\/a>Ace 6T kommer att ha ett batteri med kapacitet st\u00f6rre \u00e4n 8.000 mAh. P\u00e5 bilden: en teaserbild av telefonen. (Bildk\u00e4lla: OnePlus &#8211; redigerad)<\/p>\n<p>OnePlus Ace 6T kommer att vara en av de f\u00f6rsta telefonerna med Snapdragon 8 Gen 5. Medan lanseringsdatumet f\u00f6r denna sub-flaggskeppstelefon inte har avsl\u00f6jats \u00e4nnu, har f\u00f6retaget bekr\u00e4ftat prelimin\u00e4r batteri- och snabbladdningsinformation f\u00f6r enheten.<\/p>\n<p class=\"bodytext\">OnePlus kommer att erbjuda en av de f\u00f6rsta telefonerna som drivs av Snapdragon 8 Gen 5, Ace 6T. Med denna sub-flaggskepp SoC kommer den att placeras under OnePlus 15, men n\u00e5got \u00f6ver den senaste generationen OnePlus 13.<\/p>\n<p class=\"bodytext\">\u00c4nd\u00e5 har varum\u00e4rket \u00e4nnu inte bekr\u00e4ftat n\u00e4r OnePlus Ace 6T kommer att lanseras, men det har b\u00f6rjat reta smarttelefonen. Li Jie Louis, f\u00f6retagets president, har nu avsl\u00f6jat att den kommande sub-flaggskeppstelefonen kommer att packa ett stort batteri med en kapacitet h\u00f6gre \u00e4n 8 000 mAh, n\u00e5got som de tidigare rapporterna har <a href=\"http:\/\/www.notebookcheck.net\/OnePlus-Ace-6T-OnePlus-officially-confirms-its-next-sub-flagship-with-Snapdragon-8-Gen-5.1164435.0.html\" target=\"_self\" class=\"internal-link\" rel=\"nofollow noopener\">antydde p\u00e5<\/a>.&#13;<\/p>\n<p class=\"bodytext\">Som referens kommer OnePlus 15 med ett 7 300 mAh batteri, vilket redan \u00e4r st\u00f6rre \u00e4n de flesta av de nyligen lanserade Snapdragon 8 Elite Gen 5 flaggskeppstelefonerna. Jie Louis har vidare bekr\u00e4ftat att Ace 6T kommer att ha st\u00f6d f\u00f6r 100W snabbladdning, vilket \u00e4r n\u00e5got l\u00e4gre \u00e4n 120W-st\u00f6det p\u00e5 OnePlus 15 (150W SuperVOOC-laddare curr. <a href=\"https:\/\/www.amazon.com\/Oneplus-Charger-Supervooc-Realme-MacBook\/dp\/B0DG35C41H?tag=nbcnewsnet-20\" target=\"_blank\" rel=\"sponsored nofollow noopener\" class=\"external-link-new-window\">$ 34,98 p\u00e5 Amazon<\/a>).<\/p>\n<p class=\"bodytext\">F\u00f6rutom de prelimin\u00e4ra batteridetaljerna har f\u00f6retagets president antytt att Ace 6T kommer att ha en sk\u00e4rm med st\u00f6d f\u00f6r en 165Hz uppdateringsfrekvens, vilket matchar vad <a href=\"http:\/\/www.notebookcheck.net\/OnePlus-15-launches-globally-to-surprise-pricing-but-US-release-is-on-hold-for-now.1162611.0.html\" target=\"_self\" class=\"internal-link\" rel=\"nofollow noopener\">onePlus 15<\/a> erbjuder.&#13;<\/p>\n<p class=\"bodytext\">N\u00e4r det g\u00e4ller den globala lanseringen \u00e4r det oklart vad OnePlus Ace 6T kommer att omm\u00e4rkas till, men det kan g\u00f6ra en internationell debut som OnePlus 15R. Naturligtvis har tidigare rapporter ocks\u00e5 antytt att <a href=\"http:\/\/www.notebookcheck.net\/OnePlus-15R-release-date-officially-teased-but-launch-may-miss-key-markets.1164942.0.html\" target=\"_self\" class=\"internal-link\" rel=\"nofollow noopener\">15R<\/a> kommer att vara en rebadged non-T Ace 6 ist\u00e4llet, som redan har lanserats i Kina.<\/p>\n<p>\t<a href=\"https:\/\/www.notebookcheck.se\/fileadmin\/Notebooks\/News\/_nc5\/Li-Jie-Louis-talks-about-the-battery-and-charging-speed-of-OnePlus-Ace-6T.jpg\" title=\"Li Jie Louis pratar om batteriet och laddningshastigheten f\u00f6r OnePlus Ace 6T (Bildk\u00e4lla: Weibo - maskin\u00f6versatt)\" data-caption=\"Li Jie Louis pratar om batteriet och laddningshastigheten f\u00f6r OnePlus Ace 6T (Bildk\u00e4lla: Weibo - maskin\u00f6versatt)\" target=\"_blank\" rel=\"nofollow noopener\"><img decoding=\"async\" src=\"https:\/\/www.europesays.com\/se\/wp-content\/uploads\/2025\/11\/csm_Li-Jie-Louis-talks-about-the-battery-and-charging-speed-of-OnePlus-Ace-6T_92e3df3f8b.jpg\" width=\"738\" height=\"961\" alt=\"Li Jie Louis pratar om batteriet och laddningshastigheten f\u00f6r OnePlus Ace 6T (Bildk\u00e4lla: Weibo - maskin\u00f6versatt)\" loading=\"lazy\"\/><\/a>Li Jie Louis pratar om batteriet och laddningshastigheten f\u00f6r OnePlus Ace 6T (Bildk\u00e4lla: Weibo &#8211; maskin\u00f6versatt)<a href=\"\"><img decoding=\"async\" src=\"https:\/\/www.europesays.com\/se\/wp-content\/uploads\/2025\/11\/csm_abidshanto_aad0636531.jpg\" loading=\"lazy\" width=\"120\" height=\"120\" alt=\"Abid Ahsan Shanto\"\/><\/a><a href=\"\"><img decoding=\"async\" src=\"https:\/\/www.europesays.com\/se\/wp-content\/uploads\/2025\/11\/1763336113_814_csm_ninh_duy_ee54bf9777.jpg\" loading=\"lazy\" width=\"120\" height=\"120\" alt=\"Ninh Duy\"\/><\/a>Translator: <a href=\"\" class=\"j_name\">Ninh Ngoc Duy<\/a> &#8211; Editorial Assistant  &#8211; 659063 articles published on Notebookcheck since 2008<\/p>\n<p>Abid Ahsan Shanto,\u00a02025-11-18\u00a0(Update:\u00a02025-11-19)<\/p>\n","protected":false},"excerpt":{"rendered":"Ace 6T kommer att ha ett batteri med kapacitet st\u00f6rre \u00e4n 8.000 mAh. P\u00e5 bilden: en teaserbild av&hellip;\n","protected":false},"author":2,"featured_media":85002,"comment_status":"","ping_status":"","sticky":false,"template":"","format":"standard","meta":{"footnotes":""},"categories":[66],"tags":[7083,7839,7084,7085,6802,8102,8096,8804,80,78,79,34,8098,8846,31,33,32,30,81,84,83,82],"class_list":{"0":"post-85001","1":"post","2":"type-post","3":"status-publish","4":"format-standard","5":"has-post-thumbnail","7":"category-vetenskap-och-teknik","8":"tag-barbar-dator","9":"tag-flaggskeppstelefon","10":"tag-laptop","11":"tag-notebook","12":"tag-oneplus","13":"tag-oneplus-15r","14":"tag-oneplus-ace-6t","15":"tag-prisvard","16":"tag-science","17":"tag-science-and-technology","18":"tag-scienceandtechnology","19":"tag-se","20":"tag-snapdragon-8-gen-5","21":"tag-sub-flaggskepp","22":"tag-svenska","23":"tag-sverige","24":"tag-sweden","25":"tag-swedish","26":"tag-technology","27":"tag-teknik","28":"tag-vetenskap","29":"tag-vetenskapteknik"},"share_on_mastodon":{"url":"https:\/\/pubeurope.com\/@se\/115577326645052852","error":""},"_links":{"self":[{"href":"https:\/\/www.europesays.com\/se\/wp-json\/wp\/v2\/posts\/85001","targetHints":{"allow":["GET"]}}],"collection":[{"href":"https:\/\/www.europesays.com\/se\/wp-json\/wp\/v2\/posts"}],"about":[{"href":"https:\/\/www.europesays.com\/se\/wp-json\/wp\/v2\/types\/post"}],"author":[{"embeddable":true,"href":"https:\/\/www.europesays.com\/se\/wp-json\/wp\/v2\/users\/2"}],"replies":[{"embeddable":true,"href":"https:\/\/www.europesays.com\/se\/wp-json\/wp\/v2\/comments?post=85001"}],"version-history":[{"count":0,"href":"https:\/\/www.europesays.com\/se\/wp-json\/wp\/v2\/posts\/85001\/revisions"}],"wp:featuredmedia":[{"embeddable":true,"href":"https:\/\/www.europesays.com\/se\/wp-json\/wp\/v2\/media\/85002"}],"wp:attachment":[{"href":"https:\/\/www.europesays.com\/se\/wp-json\/wp\/v2\/media?parent=85001"}],"wp:term":[{"taxonomy":"category","embeddable":true,"href":"https:\/\/www.europesays.com\/se\/wp-json\/wp\/v2\/categories?post=85001"},{"taxonomy":"post_tag","embeddable":true,"href":"https:\/\/www.europesays.com\/se\/wp-json\/wp\/v2\/tags?post=85001"}],"curies":[{"name":"wp","href":"https:\/\/api.w.org\/{rel}","templated":true}]}}