{"id":85006,"date":"2025-11-19T16:39:31","date_gmt":"2025-11-19T16:39:31","guid":{"rendered":"https:\/\/www.europesays.com\/se\/85006\/"},"modified":"2025-11-19T16:39:31","modified_gmt":"2025-11-19T16:39:31","slug":"osterrikes-svar-om-israel-diplomati","status":"publish","type":"post","link":"https:\/\/www.europesays.com\/se\/85006\/","title":{"rendered":"\u00d6sterrikes svar om Israel\n \u201dDiplomati\u201d"},"content":{"rendered":"<p>Publicerad 18 nov 2025 kl 18.58<\/p>\n<p>Beslutet om Israels deltagande i Eurovision ska fattas vid ett m\u00f6te med Europeiska radio- och tv-unionen (EBU) i december.\u00a0<\/p>\n<p>\u00d6sterrike, som st\u00e5r v\u00e4rd f\u00f6r n\u00e4sta \u00e5rs t\u00e4vling, hoppas p\u00e5 kompromissvilja i fr\u00e5gan.<\/p>\n<p><img   alt=\"\"\/><\/p>\n<p>\u00d6sterrikiska JJ vann Eurovision 2025.<\/p>\n<p>Foto: Alexander Sandvoss, Mandoga Media \/ TT NYHETSBYR\u00c5N<\/p>\n<p>\u00d6ppna bild i helsk\u00e4rm<img loading=\"lazy\"   alt=\"\"\/><\/p>\n<p>Yuval Raphael som representerade Israel i 2025 \u00e5rs Eurovision.<\/p>\n<p>Foto: Jens B\u00fcttner \/ DPA\/IBL<\/p>\n<p>\u00d6ppna bild i helsk\u00e4rm<img loading=\"lazy\"   alt=\"\"\/><\/p>\n<p>Roland Weissmann.<\/p>\n<p>Foto: IMAGO\/Isabelle Ouvrard \/ TT NYHETSBYR\u00c5N<\/p>\n<p>\u00d6ppna bild i helsk\u00e4rm<\/p>\n<p>Det \u00f6sterrikiska radio- och tv-bolaget ORF:s vd Roland Weissmann s\u00e4ger att han \u201dutf\u00f6r ett intensivt arbete\u201d f\u00f6r att \u00f6vertyga sina utl\u00e4ndska motsvarigheter att komma till Wien i maj f\u00f6r att vara med i t\u00e4vlingen.<\/p>\n<p>\u2013 \u00c4rligt talat, det \u00e4r dags f\u00f6r diplomati, s\u00e4ger han till reportrar vid en pressuppdatering om arrangemanget.<\/p>\n<p>Spanien, Irland, Slovenien, Island och Nederl\u00e4nderna har hotat med att bojkotta 2026 \u00e5rs upplaga av v\u00e4rldens st\u00f6rsta tv-s\u00e4nda livemusikevenemang om inte Israel hindras fr\u00e5n att delta p\u00e5 grund av kriget i Gaza.<\/p>\n<p>Andra l\u00e4nder som Belgien, Sverige och Finland har ocks\u00e5 \u00f6verv\u00e4gt en bojkott, medan Danmark meddelat motsatsen. Danmark kommer heller inte att r\u00f6sta nej till Israels medverkan i <a href=\"https:\/\/www.expressen.se\/tagg\/organization\/eurovision-song-contest\/\" class=\"\" rel=\"nofollow noopener\" target=\"_blank\">Eurovision Song Contest<\/a>.<\/p>\n","protected":false},"excerpt":{"rendered":"Publicerad 18 nov 2025 kl 18.58 Beslutet om Israels deltagande i Eurovision ska fattas vid ett m\u00f6te med&hellip;\n","protected":false},"author":2,"featured_media":85007,"comment_status":"","ping_status":"","sticky":false,"template":"","format":"standard","meta":{"footnotes":""},"categories":[67],"tags":[104,2575,34,775,31,33,32,30,60,105],"class_list":{"0":"post-85006","1":"post","2":"type-post","3":"status-publish","4":"format-standard","5":"has-post-thumbnail","7":"category-underhallning","8":"tag-entertainment","9":"tag-organization-eurovision-song-contest","10":"tag-se","11":"tag-sections-musik","12":"tag-svenska","13":"tag-sverige","14":"tag-sweden","15":"tag-swedish","16":"tag-topic-krig-konflikt","17":"tag-underhallning"},"share_on_mastodon":{"url":"https:\/\/pubeurope.com\/@se\/115577353903998150","error":""},"_links":{"self":[{"href":"https:\/\/www.europesays.com\/se\/wp-json\/wp\/v2\/posts\/85006","targetHints":{"allow":["GET"]}}],"collection":[{"href":"https:\/\/www.europesays.com\/se\/wp-json\/wp\/v2\/posts"}],"about":[{"href":"https:\/\/www.europesays.com\/se\/wp-json\/wp\/v2\/types\/post"}],"author":[{"embeddable":true,"href":"https:\/\/www.europesays.com\/se\/wp-json\/wp\/v2\/users\/2"}],"replies":[{"embeddable":true,"href":"https:\/\/www.europesays.com\/se\/wp-json\/wp\/v2\/comments?post=85006"}],"version-history":[{"count":0,"href":"https:\/\/www.europesays.com\/se\/wp-json\/wp\/v2\/posts\/85006\/revisions"}],"wp:featuredmedia":[{"embeddable":true,"href":"https:\/\/www.europesays.com\/se\/wp-json\/wp\/v2\/media\/85007"}],"wp:attachment":[{"href":"https:\/\/www.europesays.com\/se\/wp-json\/wp\/v2\/media?parent=85006"}],"wp:term":[{"taxonomy":"category","embeddable":true,"href":"https:\/\/www.europesays.com\/se\/wp-json\/wp\/v2\/categories?post=85006"},{"taxonomy":"post_tag","embeddable":true,"href":"https:\/\/www.europesays.com\/se\/wp-json\/wp\/v2\/tags?post=85006"}],"curies":[{"name":"wp","href":"https:\/\/api.w.org\/{rel}","templated":true}]}}