{"id":85020,"date":"2025-11-19T17:07:17","date_gmt":"2025-11-19T17:07:17","guid":{"rendered":"https:\/\/www.europesays.com\/se\/85020\/"},"modified":"2025-11-19T17:07:17","modified_gmt":"2025-11-19T17:07:17","slug":"varning-for-kraftigt-snofall-i-vastmanland-lastbilar-fast-pa-e18","status":"publish","type":"post","link":"https:\/\/www.europesays.com\/se\/85020\/","title":{"rendered":"Varning f\u00f6r kraftigt sn\u00f6fall i V\u00e4stmanland: Lastbilar fast p\u00e5 E18"},"content":{"rendered":"<p>SMHI har utf\u00e4rdat en ny gul varning f\u00f6r sn\u00f6 i centrala delarna av Svealand. Under f\u00f6rsta halvan av onsdagen kan det<a href=\"https:\/\/www.smhi.se\/vader\/prognoser-och-varningar\/varningar-och-meddelanden\/varningar\" rel=\"nofollow noopener\" target=\"_blank\"> falla rej\u00e4lt med sn\u00f6 i ett omr\u00e5de som r\u00f6r sig fr\u00e5n \u00d6rebro, \u00f6ver Eskilstuna, V\u00e4ster\u00e5s och Sala uppemot Tierp i Uppland.<\/a> Det kan st\u00e4lla till med problem i trafiken p\u00e5 grund av halka och d\u00e5lig sikt.<\/p>\n<p>Flera olyckor i l\u00e4net<\/p>\n<p>Under onsdagsmorgonen intr\u00e4ffade tv\u00e5 olyckor p\u00e5 E18 mellan V\u00e4ster\u00e5s och K\u00f6ping. Mellan Fagersta och Norberg hamnade flera bilar i en <a href=\"https:\/\/www.svt.se\/nyheter\/lokalt\/vastmanland\/kokrock-utanfor-norberg-tiotal-fordon-inblandade\" rel=\"nofollow noopener\" target=\"_blank\">k\u00f6krock p\u00e5 f\u00f6rmiddagen<\/a>. Vid lunchtid fastnade flera lastbilar i det hala v\u00e4glaget p\u00e5 E18 mellan Arboga och \u00d6rebro. Enligt Trafikverket var det vid tv\u00e5 platser, dels i V\u00e4stmanland i h\u00f6jd med H\u00f6gsj\u00f6n och dels v\u00e4ster om l\u00e4nsgr\u00e4nsen.<\/p>\n<p>P\u00e5 eftermiddagen kom larm om ytterligare en krock med flera fordon inblandade. Denna g\u00e5ng p\u00e5 56:an strax utanf\u00f6r V\u00e4ster\u00e5s i h\u00f6jd med H\u00f6k\u00e5sen. <\/p>\n","protected":false},"excerpt":{"rendered":"SMHI har utf\u00e4rdat en ny gul varning f\u00f6r sn\u00f6 i centrala delarna av Svealand. Under f\u00f6rsta halvan av&hellip;\n","protected":false},"author":2,"featured_media":85021,"comment_status":"","ping_status":"","sticky":false,"template":"","format":"standard","meta":{"footnotes":""},"categories":[12],"tags":[22,23,26,27,17,21,24,25,28,29,15,16,18,34,31,33,32,30,19,20],"class_list":{"0":"post-85020","1":"post","2":"type-post","3":"status-publish","4":"format-standard","5":"has-post-thumbnail","7":"category-sverige","8":"tag-breaking-news","9":"tag-breakingnews","10":"tag-featured-news","11":"tag-featurednews","12":"tag-headlines","13":"tag-huvudnyheter","14":"tag-latest-news","15":"tag-latestnews","16":"tag-main-news","17":"tag-mainnews","18":"tag-news","19":"tag-nyheter","20":"tag-rubriker","21":"tag-se","22":"tag-svenska","23":"tag-sverige","24":"tag-sweden","25":"tag-swedish","26":"tag-top-stories","27":"tag-topstories"},"share_on_mastodon":{"url":"https:\/\/pubeurope.com\/@se\/115577464072392809","error":""},"_links":{"self":[{"href":"https:\/\/www.europesays.com\/se\/wp-json\/wp\/v2\/posts\/85020","targetHints":{"allow":["GET"]}}],"collection":[{"href":"https:\/\/www.europesays.com\/se\/wp-json\/wp\/v2\/posts"}],"about":[{"href":"https:\/\/www.europesays.com\/se\/wp-json\/wp\/v2\/types\/post"}],"author":[{"embeddable":true,"href":"https:\/\/www.europesays.com\/se\/wp-json\/wp\/v2\/users\/2"}],"replies":[{"embeddable":true,"href":"https:\/\/www.europesays.com\/se\/wp-json\/wp\/v2\/comments?post=85020"}],"version-history":[{"count":0,"href":"https:\/\/www.europesays.com\/se\/wp-json\/wp\/v2\/posts\/85020\/revisions"}],"wp:featuredmedia":[{"embeddable":true,"href":"https:\/\/www.europesays.com\/se\/wp-json\/wp\/v2\/media\/85021"}],"wp:attachment":[{"href":"https:\/\/www.europesays.com\/se\/wp-json\/wp\/v2\/media?parent=85020"}],"wp:term":[{"taxonomy":"category","embeddable":true,"href":"https:\/\/www.europesays.com\/se\/wp-json\/wp\/v2\/categories?post=85020"},{"taxonomy":"post_tag","embeddable":true,"href":"https:\/\/www.europesays.com\/se\/wp-json\/wp\/v2\/tags?post=85020"}],"curies":[{"name":"wp","href":"https:\/\/api.w.org\/{rel}","templated":true}]}}