{"id":85022,"date":"2025-11-19T17:08:19","date_gmt":"2025-11-19T17:08:19","guid":{"rendered":"https:\/\/www.europesays.com\/se\/85022\/"},"modified":"2025-11-19T17:08:19","modified_gmt":"2025-11-19T17:08:19","slug":"kopenhamn-socialdemokraterna-tappar-makten-efter-112-ar","status":"publish","type":"post","link":"https:\/\/www.europesays.com\/se\/85022\/","title":{"rendered":"K\u00f6penhamn Socialdemokraterna tappar makten efter 112 \u00e5r."},"content":{"rendered":"<p>Hon har alltid varit socialdemokrat. 53-\u00e5riga pedagogen Christa Gunnarsd\u00f3ttir ser uppstudsig ut n\u00e4r hon i n\u00e4sta andetag ber\u00e4ttar att hon nyligen bytte parti.<\/p>\n<p>\u2013 F\u00f6re valet gick jag med i Socialistisk Folkeparti. Socialdemokraterna har r\u00f6rt sig f\u00f6r l\u00e5ngt h\u00f6gerut, s\u00e4ger hon.<\/p>\n<p><strong>Det \u00e4r tidig onsdag<\/strong> f\u00f6rmiddag och K\u00f6penhamn k\u00e4nns som en yrvaken, bakfull festprisse som f\u00f6rs\u00f6ker reda ut vad som egentligen h\u00e4nde natten f\u00f6re.<\/p>\n<p>\u00c4nda sedan r\u00f6str\u00e4tten inf\u00f6rdes har den danska huvudstaden styrts av Socialdemokraterna, 112 \u00e5r totalt. Men precis som opinionsunders\u00f6kningarna antydde inf\u00f6r tisdagens kommun- och regionval \u00e4r den eran nu \u00f6ver.<\/p>\n<p>I st\u00e4llet blir tv\u00e5 partier till v\u00e4nster om S \u2013 Enhedslisten och Socialistisk Folkeparti, SF, valets st\u00f6rsta och n\u00e4st st\u00f6rsta vinnare.<\/p>\n<p>          <img decoding=\"async\" class=\"picture__img\" src=\"https:\/\/www.europesays.com\/se\/wp-content\/uploads\/2025\/11\/131dfcad-85a5-4b50-9bae-29dfa5e8bdb8.jpeg\"   alt=\"53-\u00e5riga pedagogen Christa Gunnarsd\u00f3ttir har varit socialdemokrat i hela sitt liv men har nu bytt till Socialistisk folkeparti.\"\/><\/p>\n<p>      53-\u00e5riga pedagogen Christa Gunnarsd\u00f3ttir har varit socialdemokrat i hela sitt liv men har nu bytt till Socialistisk folkeparti.<\/p>\n<p>      Foto: Daniel Nilsson<\/p>\n<p><strong>I Sydhavnen, ett av Socialdemokraternas historiskt<\/strong> starkaste f\u00e4sten, s\u00e4ger Christa Gunnarsd\u00f3ttir att hon vaknade hoppfull.<\/p>\n<p>\u2013 Jag ser fram emot f\u00f6r\u00e4ndring. Vi beh\u00f6ver fler pedagoger i skolorna och fler bost\u00e4der som folk har r\u00e5d att bo i.<\/p>\n<p>Just bost\u00e4derna blev en av valr\u00f6relsens hetaste fr\u00e5gor. K\u00f6penhamn, som i alla tider klassats som en arbetarstad, har blivit f\u00f6r dyr, anser m\u00e5nga.<\/p>\n<p><strong>I f\u00e5 andra stadsdelar<\/strong> m\u00e4rks f\u00f6r\u00e4ndringen lika tydligt som i Sydhavnen.<\/p>\n<p>Sedan b\u00f6rjan av 2000-talet har hamnomr\u00e5det f\u00f6rvandlats med konstgjorda \u00f6ar och kanaler. V\u00e4lbest\u00e4llda akademiker har flyttat in i nybyggda bostadsr\u00e4tter d\u00e4r sup-br\u00e4dorna st\u00e5r lutade mot husv\u00e4ggarna utanf\u00f6r ytterd\u00f6rren.<\/p>\n<p>Ett kvarter bort ligger de r\u00f6dteglade arbetarl\u00e4ngorna or\u00f6rda i omr\u00e5dets historiska hj\u00e4rta. H\u00e4r \u00e4r gatorna uppkallade efter k\u00e4nda socialdemokrater: P. Knudsens Gade, Borgbjergsvej och Ancker J\u00f8rgensens plads.<\/p>\n<p>          <img decoding=\"async\" class=\"picture__img picture__img--fullheight\" src=\"https:\/\/www.europesays.com\/se\/wp-content\/uploads\/2025\/11\/7aaabc18-9a03-41b0-8be3-0b86fbe10dc1.jpeg\" loading=\"lazy\"   alt=\"Socialdemokraten Anker J\u00f8rgensen var statsminister i Danmark p\u00e5 1970- och 80-talen. Han har f\u00e5tt en egen staty i stadsdelen Sydhavn d\u00e4r han bodde i n\u00e4stan 50 \u00e5r.\"\/><\/p>\n<p>                Bild 1 av 2<\/p>\n<p>      Socialdemokraten Anker J\u00f8rgensen var statsminister i Danmark p\u00e5 1970- och 80-talen. Han har f\u00e5tt en egen staty i stadsdelen Sydhavn d\u00e4r han bodde i n\u00e4stan 50 \u00e5r.<\/p>\n<p>      Foto: Daniel Nilsson<\/p>\n<p>          <img decoding=\"async\" class=\"picture__img\" src=\"https:\/\/www.europesays.com\/se\/wp-content\/uploads\/2025\/11\/44e506c5-532b-4cd6-a3e5-52fff8c8a962.jpeg\" loading=\"lazy\"   alt=\"K\u00f6penhamnsstadsdelen Sydhavn har alltid varit ett starkt socialdemokratiskt f\u00e4ste men i \u00e5r har m\u00e5nga boende r\u00f6stat annorlunda.\"\/><\/p>\n<p>                Bild 2 av 2<\/p>\n<p>      K\u00f6penhamnsstadsdelen Sydhavn har alltid varit ett starkt socialdemokratiskt f\u00e4ste men i \u00e5r har m\u00e5nga boende r\u00f6stat annorlunda.<\/p>\n<p>      Foto: Daniel Nilsson<\/p>\n<p>Ancker J\u00f8rgensen var statsminister p\u00e5 1970- och 80-talen. Han bodde i Sydhavnen i n\u00e4stan 50 \u00e5r och var om\u00e5ttligt popul\u00e4r. J\u00e4mte statyn p\u00e5 \u201dhans\u201d torg sitter tv\u00e5 \u00f6lfarbr\u00f6der i varselkl\u00e4der och ett sexpack Tuborg.<\/p>\n<p><strong>P\u00e5 andra sidan gatan<\/strong> kommer pension\u00e4ren Dirch Thornberg ut fr\u00e5n slakteributiken. Han b\u00e4r p\u00e5 ett tr\u00e5g med matpaket som ska delas ut till \u00e4ldre inv\u00e5nare i kvarteren.<\/p>\n<p>\u2013 Det h\u00e4r \u00e4r revolutionerande, jag f\u00e5r g\u00e5shud, s\u00e4ger han och viker upp jack\u00e4rmen f\u00f6r att visa vad han anser om valresultatet.<\/p>\n<p>Han har r\u00f6stat p\u00e5 Socialdemokraterna i alla tidigare kommunval. Den h\u00e4r g\u00e5ngen blev det i st\u00e4llet r\u00f6d-gr\u00f6na SF \u2013 partiet vars affischnamn Sisse Marie Welling nu har presenterat sig sj\u00e4lv som K\u00f6penhamns nya \u00f6verborgm\u00e4stare.<\/p>\n<p>          <img decoding=\"async\" class=\"picture__img\" src=\"https:\/\/www.europesays.com\/se\/wp-content\/uploads\/2025\/11\/963bf3fa-6562-47b8-9552-02ba31fa9c79.jpeg\" loading=\"lazy\"   alt=\"Bettina S\u00f8rensen jobbar i sm\u00f8rrebr\u00f8dsdisken hos den lokala slaktaren. Nyligen flyttade hennes son med familj in i hennes l\u00e4genhet p\u00e5 grund av de h\u00f6ga bostadspriserna i K\u00f6penhamn.\"\/><\/p>\n<p>                Bild 1 av 2<\/p>\n<p>      Bettina S\u00f8rensen jobbar i sm\u00f8rrebr\u00f8dsdisken hos den lokala slaktaren. Nyligen flyttade hennes son med familj in i hennes l\u00e4genhet p\u00e5 grund av de h\u00f6ga bostadspriserna i K\u00f6penhamn.<\/p>\n<p>      Foto: Daniel Nilsson<\/p>\n<p>          <img decoding=\"async\" class=\"picture__img\" src=\"https:\/\/www.europesays.com\/se\/wp-content\/uploads\/2025\/11\/8f8d1a70-2e6b-4c4e-a791-aee5209ceed1.jpeg\" loading=\"lazy\"   alt=\"Dirch Thornberg har tidigare alltid r\u00f6stat p\u00e5 Socialdemokraterna. Men den h\u00e4r g\u00e5ngen bytte han till ett parti l\u00e4ngre v\u00e4nsterut \u2013 Socialistisk Folkeparti.\"\/><\/p>\n<p>                Bild 2 av 2<\/p>\n<p>      Dirch Thornberg har tidigare alltid r\u00f6stat p\u00e5 Socialdemokraterna. Men den h\u00e4r g\u00e5ngen bytte han till ett parti l\u00e4ngre v\u00e4nsterut \u2013 Socialistisk Folkeparti.<\/p>\n<p>      Foto: Daniel Nilsson<\/p>\n<p><strong>Dirch Thornberg \u00e4r<\/strong> kritisk till Socialdemokraternas senaste socialbidragsreformer och r\u00e4ds att fler danskar ska bli heml\u00f6sa n\u00e4r klyftorna i samh\u00e4llet \u00f6kar, s\u00e4ger han om partibytet.<\/p>\n<p>\u2013 Jag tror ocks\u00e5 att det h\u00e4r blir en fingervisning f\u00f6r Socialdemokraterna inf\u00f6r n\u00e4sta folketingsval. Folk har tr\u00f6ttnat p\u00e5 Mette Frederiksens borgerliga politik.<\/p>\n<p><strong>Den danska statsministern<\/strong> har varit namnet p\u00e5 alla danska valanalytikers l\u00e4ppar det senaste dygnet. F\u00f6r henne \u00e4r kommun- och regionvalet ett rej\u00e4lt bakslag.<\/p>\n<p>F\u00f6r \u00e4ven om S fortfarande \u00e4r st\u00f6rsta parti i Danmark tappar de mandat i 87 av 98 kommuner.<\/p>\n<p>\u2013 Vi hade r\u00e4knat med att g\u00e5 tillbaka. Men nedg\u00e5ngen verkar vara st\u00f6rre \u00e4n vi hade v\u00e4ntat oss. Det \u00e4r naturligtvis inte tillfredsst\u00e4llande, sa Mette Frederiksen n\u00e4r valresultat stod klart sent p\u00e5 tisdagen.<\/p>\n<p>Nu har hon knappt ett \u00e5r p\u00e5 sig att \u00e4ndra taktik \u2013 senast n\u00e4sta h\u00f6st m\u00e5ste hon utlysa folketingsval.<\/p>\n<p>          <img decoding=\"async\" class=\"picture__img\" src=\"https:\/\/www.europesays.com\/se\/wp-content\/uploads\/2025\/11\/0bbed542-ca78-4f92-86d0-6a92b8e6028b.jpeg\" loading=\"lazy\"   alt=\"Kaspar Balling har k\u00f6rt turistbuss i den danska huvudstaden i 25 \u00e5r men bor p\u00e5 Jylland flera timmars bilresa d\u00e4rifr\u00e5n. \u201dJag har inte r\u00e5d med egen l\u00e4genhet i K\u00f6penhamn.\u201d\"\/><\/p>\n<p>                Bild 1 av 2<\/p>\n<p>      Kaspar Balling har k\u00f6rt turistbuss i den danska huvudstaden i 25 \u00e5r men bor p\u00e5 Jylland flera timmars bilresa d\u00e4rifr\u00e5n. \u201dJag har inte r\u00e5d med egen l\u00e4genhet i K\u00f6penhamn.\u201d<\/p>\n<p>      Foto: Daniel Nilsson<\/p>\n<p>          <img decoding=\"async\" class=\"picture__img picture__img--fullheight\" src=\"https:\/\/www.europesays.com\/se\/wp-content\/uploads\/2025\/11\/97185e7d-3e1b-45ad-a7c8-681f01f3a18c.jpeg\" loading=\"lazy\"   alt=\"\u201dDet har blivit f\u00f6r dyrt med bostad, det m\u00e5ste ske n\u00e5got drastiskt nu,\u201d s\u00e4ger K\u00f6penhamnsbon Lene. 53 \u00e5r gammal har hon tvingats flytta hem till sina f\u00f6r\u00e4ldrar p\u00e5 grund av de h\u00f6ga bostadspriserna.\"\/><\/p>\n<p>                Bild 2 av 2<\/p>\n<p>      \u201dDet har blivit f\u00f6r dyrt med bostad, det m\u00e5ste ske n\u00e5got drastiskt nu,\u201d s\u00e4ger K\u00f6penhamnsbon Lene. 53 \u00e5r gammal har hon tvingats flytta hem till sina f\u00f6r\u00e4ldrar p\u00e5 grund av de h\u00f6ga bostadspriserna.<\/p>\n<p>      Foto: Daniel Nilsson<\/p>\n<p><strong>Kasper Balling, en<\/strong> 51-\u00e5rig busschauff\u00f6r fr\u00e5n Jylland, tror att hon kommer att klara sig.<\/p>\n<p>\u2013 Men n\u00e5got m\u00e5ste h\u00e4nda. Klyftorna mellan rika och fattiga har blivit alldeles f\u00f6r stora i Danmark.<\/p>\n<p>Han ser sig sj\u00e4lv som ett levande exempel p\u00e5 att ekvationen inte g\u00e5r ihop. I 25 \u00e5r har han k\u00f6rt turistbuss i K\u00f6penhamn \u2013 men han har inte r\u00e5d bo h\u00e4r utan pendlar i timmar inf\u00f6r varje skift.<\/p>\n<p>\u2013 De som best\u00e4mt bostadspolitiken har inte t\u00e4nkt p\u00e5 barnfamiljerna, poliserna eller sjuksk\u00f6terskorna. Sj\u00e4lv reder jag mig nog, men jag \u00e4r orolig f\u00f6r de yngre generationerna, s\u00e4ger han.<\/p>\n<p><strong>Oron f\u00f6r de unga<\/strong> bekr\u00e4ftas av sm\u00f6rg\u00e5sbitr\u00e4det Bettina S\u00f8rensen i slakteributiken. Hon har bott i l\u00e4genhet i Sydhavnen i 35 \u00e5r och har nu f\u00e5tt s\u00e4llskap av sin 29-\u00e5rige son med familj.<\/p>\n<p>\u2013 Han har flyttat hem till mig med sin tre\u00e5ring. Det g\u00e5r inte l\u00e4ngre att hitta en bostad till rimlig hyra i K\u00f6penhamn.<\/p>\n<p>Hon fyrar av en tr\u00f6tt blick bakom sm\u00f6rrebr\u00f6dsdisken \u2013 men n\u00e4r nattens valresultat f\u00f6rs p\u00e5 tal glittrar det till.<\/p>\n<p>\u2013 Det \u00e4r p\u00e5 tiden att Socialdemokraterna byts ut. De har blivit alldeles f\u00f6r maktgalna.<\/p>\n<p>          Fakta.V\u00e4nsterv\u00e5g petar S fr\u00e5n styret i K\u00f6penhamn<\/p>\n<p>Socialdemokraterna har styrt i K\u00f6penhamn i \u00f6ver ett sekel. I tisdagens val fick partiet 12,7 procent av r\u00f6sterna, en minskning med 4,5 procentenheter sedan valet 2021.<\/p>\n<p>\u2013 Nu tappar vi K\u00f6penhamn. Det tycker jag \u00e4r vansinnigt irriterande, sa Pernille Rosenkrantz-Theil, Socialdemokraternas kandidat till posten som \u00f6verborgm\u00e4stare, n\u00e4r hon erk\u00e4nde sig besegrad p\u00e5 onsdagen.<\/p>\n<p>I st\u00e4llet blev gr\u00f6na v\u00e4nsterpartiet Enhedslisten st\u00f6rst med 22,1 procent av r\u00f6sterna, f\u00f6ljt av Socialistisk Folkeparti som fick 17,9 procent. I v\u00e4nsterkoalitionen ing\u00e5r \u00e4ven det gr\u00f6na partiet Alternativet som fick 5,0 procent av r\u00f6sterna.\u00a0De tre partierna s\u00e4krade ingen egen majoritet utan har f\u00e5tt st\u00f6d hos de borgerliga partierna.<\/p>\n<p>            Visa mer<\/p>\n<p>            Visa mindre<\/p>\n<p>          Fakta.Lokalvalen i Danmark<\/p>\n<p>Kommun- och regionval h\u00e5lls i Danmark vart fj\u00e4rde \u00e5r den tredje tisdagen i november. D\u00e5 avg\u00f6rs makten \u00f6ver 98 kommuner och fyra regioner.<\/p>\n<p>Borgm\u00e4starvalen brukar f\u00e5 stor uppm\u00e4rksamhet. Makthavarna i de stora st\u00e4derna \u2013 K\u00f6penhamn, \u00c5rhus, Odense och \u00c5lborg \u2013 har en stark st\u00e4llning i dansk politik.<\/p>\n<p>\u00c4ven vissa utl\u00e4ndska medborgare har r\u00f6str\u00e4tt i lokalvalen.<\/p>\n<p>            Visa mer<\/p>\n<p>            Visa mindre<\/p>\n","protected":false},"excerpt":{"rendered":"Hon har alltid varit socialdemokrat. 53-\u00e5riga pedagogen Christa Gunnarsd\u00f3ttir ser uppstudsig ut n\u00e4r hon i n\u00e4sta andetag ber\u00e4ttar&hellip;\n","protected":false},"author":2,"featured_media":85023,"comment_status":"","ping_status":"","sticky":false,"template":"","format":"standard","meta":{"footnotes":""},"categories":[5],"tags":[22,23,26,27,17,21,24,25,28,29,15,16,18,34,31,33,32,30,19,20],"class_list":{"0":"post-85022","1":"post","2":"type-post","3":"status-publish","4":"format-standard","5":"has-post-thumbnail","7":"category-rubriker","8":"tag-breaking-news","9":"tag-breakingnews","10":"tag-featured-news","11":"tag-featurednews","12":"tag-headlines","13":"tag-huvudnyheter","14":"tag-latest-news","15":"tag-latestnews","16":"tag-main-news","17":"tag-mainnews","18":"tag-news","19":"tag-nyheter","20":"tag-rubriker","21":"tag-se","22":"tag-svenska","23":"tag-sverige","24":"tag-sweden","25":"tag-swedish","26":"tag-top-stories","27":"tag-topstories"},"share_on_mastodon":{"url":"https:\/\/pubeurope.com\/@se\/115577468076727723","error":""},"_links":{"self":[{"href":"https:\/\/www.europesays.com\/se\/wp-json\/wp\/v2\/posts\/85022","targetHints":{"allow":["GET"]}}],"collection":[{"href":"https:\/\/www.europesays.com\/se\/wp-json\/wp\/v2\/posts"}],"about":[{"href":"https:\/\/www.europesays.com\/se\/wp-json\/wp\/v2\/types\/post"}],"author":[{"embeddable":true,"href":"https:\/\/www.europesays.com\/se\/wp-json\/wp\/v2\/users\/2"}],"replies":[{"embeddable":true,"href":"https:\/\/www.europesays.com\/se\/wp-json\/wp\/v2\/comments?post=85022"}],"version-history":[{"count":0,"href":"https:\/\/www.europesays.com\/se\/wp-json\/wp\/v2\/posts\/85022\/revisions"}],"wp:featuredmedia":[{"embeddable":true,"href":"https:\/\/www.europesays.com\/se\/wp-json\/wp\/v2\/media\/85023"}],"wp:attachment":[{"href":"https:\/\/www.europesays.com\/se\/wp-json\/wp\/v2\/media?parent=85022"}],"wp:term":[{"taxonomy":"category","embeddable":true,"href":"https:\/\/www.europesays.com\/se\/wp-json\/wp\/v2\/categories?post=85022"},{"taxonomy":"post_tag","embeddable":true,"href":"https:\/\/www.europesays.com\/se\/wp-json\/wp\/v2\/tags?post=85022"}],"curies":[{"name":"wp","href":"https:\/\/api.w.org\/{rel}","templated":true}]}}