{"id":85024,"date":"2025-11-19T17:11:10","date_gmt":"2025-11-19T17:11:10","guid":{"rendered":"https:\/\/www.europesays.com\/se\/85024\/"},"modified":"2025-11-19T17:11:10","modified_gmt":"2025-11-19T17:11:10","slug":"pia-sjogren-dod-portratterades-av-tom-alandh","status":"publish","type":"post","link":"https:\/\/www.europesays.com\/se\/85024\/","title":{"rendered":"Pia Sj\u00f6gren d\u00f6d \u2013 portr\u00e4tterades av Tom Alandh"},"content":{"rendered":"<p>Publicerad 19 nov 2025 kl 17.23Uppdaterad kl 17.30<\/p>\n<p>I \u00f6ver 20 \u00e5r fick svenska tv-tittare f\u00f6lja Pia Sj\u00f6grens kamp i Tom Alandhs dokument\u00e4rfilmer.<\/p>\n<p>Nu har den \u201dsvenska m\u00e4staren i \u00f6verlevnad\u201d g\u00e5tt bort, 70 \u00e5r gammal.<\/p>\n<p>\u2013 Jag hoppas att jag \u00e5tminstone har fem \u00e5r kvar i livet, sa Pia i en intervju med Expressen 2020.<\/p>\n<p>Senaste nyhetsklippen fr\u00e5n Expressen.<img   alt=\"\"\/><\/p>\n<p>Pia Sj\u00f6gren har g\u00e5tt bort 70 \u00e5r gammal.<\/p>\n<p>Foto: ANNA-KARIN NILSSON<\/p>\n<p>\u00d6ppna bild i helsk\u00e4rm<img loading=\"lazy\"   alt=\"\"\/><\/p>\n<p>Dokument\u00e4rfilmaren Tom Alandh f\u00f6ljde Pia Sj\u00f6grens kamp i fem filmer.<\/p>\n<p>Foto: Claudio Bresciani \/ TT NYHETSBYR\u00c5N<\/p>\n<p>\u00d6ppna bild i helsk\u00e4rm<\/p>\n<p>Deras f\u00f6rsta m\u00f6te var p\u00e5 Karlaplan p\u00e5 \u00d6stermalm, d\u00e4r Pia Sj\u00f6gren stod och s\u00e5lde de heml\u00f6sas tidning \u201dSituation Stockholm\u201d f\u00f6r 25 \u00e5r sedan.<\/p>\n<p>\u2013 Det var en suspekt gubbe som stod vid ett h\u00f6rn och tittade p\u00e5 mig j\u00e4ttel\u00e4nge och jag t\u00e4nkte vad fan glor du p\u00e5, men s\u00e5 kom han fram och fr\u00e5gade om jag ville ha en hamburgare, sedan var det klart, har Pia <a href=\"https:\/\/www.expressen.se\/nyheter\/pia-tog-sig-ur-missbruket-sen-blev-hon-dodssjuk\/\" rel=\"nofollow noopener\" target=\"_blank\">tidigare sagt intervju med Expressen<\/a>.<\/p>\n<p>Det ledde till fem filmer d\u00e4r dokument\u00e4rfilmaren Tom Alandh f\u00f6ljde hennes kamp mot missbruk, heml\u00f6shet och sjukdom.<\/p>\n<p>\u2013 Det \u00e4r speciellt att f\u00f6lja en m\u00e4nniska som har varit s\u00e5 l\u00e5ngt ner i el\u00e4ndet och vara med p\u00e5 hennes livsresa. Jag s\u00e5g b\u00e5de oerh\u00f6rd sorg och sm\u00e4rta, men jag s\u00e5g ocks\u00e5 gl\u00e4djen, kraften och humorn i hennes liv, s\u00e4ger Tom Alandh.<\/p>\n<p>Drabbades av obotlig sjukdom\u00a0<\/p>\n<p>Efter 30 \u00e5r av beroende blev Pia drogfri 2003. D\u00e4refter lyckades hon skaffa sig ett jobb som behandlingsterapeut, skaffa k\u00f6rkort och betala av sina skulder.<\/p>\n<p>I drygt fem \u00e5rs tid var livet v\u00e4ldigt bra, innan hon drabbades av den d\u00f6dliga sjukdomen PAH, som inneb\u00e4r att lungornas blodk\u00e4rl blir f\u00f6r tr\u00e5nga. Blodet har d\u00e5 sv\u00e5rt att n\u00e5 lungorna, vilket leder till att hj\u00e4rtat m\u00e5ste jobba h\u00e5rdare och slits d\u00e4rmed snabbare.<\/p>\n<p>Undan f\u00f6r undan blev Pia allt svagare, men hon tappade aldrig humorn eller blicken fram\u00e5t.<\/p>\n<p>Alandh kallar henne f\u00f6r \u201dsvensk m\u00e4stare i \u00f6verlevnad\u201d. I deras samtal brukade de ofta j\u00e4mf\u00f6ra sina olika \u00e5kommor.<\/p>\n<p>\u2013 Hon vann alltid med h\u00e4stl\u00e4ngder, s\u00e4ger han.<\/p>\n<p>Till slut orkade kroppen inte mer. N\u00e4r de pratades vid f\u00f6r sista g\u00e5ngen f\u00f6r tv\u00e5 veckor sedan hade sjukdomen f\u00e5tt \u00f6vertaget och hon dog n\u00e5gra dagar senare p\u00e5 sjukhus. Men Pia fick sin \u00f6nskan uppfylld om att leva fem \u00e5r till \u2013 n\u00e5got hon ber\u00e4ttade om f\u00f6r Expressen i intervjun fr\u00e5n 2020.<\/p>\n<p>\u201dKommer aldrig gl\u00f6mma henne\u201d<\/p>\n<p>Under sina m\u00e5nga \u00e5r som dokument\u00e4rfilmare har Tom Alandh vid ett f\u00e5tal tillf\u00e4llen passerat gr\u00e4nsen och blivit v\u00e4n med m\u00e4nniskorna han portr\u00e4tterat. En av dem \u00e4r Pia, s\u00e4ger han.<\/p>\n<p>\u2013 Jag kommer aldrig gl\u00f6mma henne, hon \u00e4r nog en av de mest betydelsefulla m\u00e4nniskorna i mitt liv, s\u00e4ger han.<\/p>\n<p>Pia blev 70 \u00e5r gammal.<\/p>\n","protected":false},"excerpt":{"rendered":"Publicerad 19 nov 2025 kl 17.23Uppdaterad kl 17.30 I \u00f6ver 20 \u00e5r fick svenska tv-tittare f\u00f6lja Pia Sj\u00f6grens&hellip;\n","protected":false},"author":2,"featured_media":85025,"comment_status":"","ping_status":"","sticky":false,"template":"","format":"standard","meta":{"footnotes":""},"categories":[67],"tags":[104,34,154,31,33,32,30,427,105],"class_list":{"0":"post-85024","1":"post","2":"type-post","3":"status-publish","4":"format-standard","5":"has-post-thumbnail","7":"category-underhallning","8":"tag-entertainment","9":"tag-se","10":"tag-sections-sverige","11":"tag-svenska","12":"tag-sverige","13":"tag-sweden","14":"tag-swedish","15":"tag-topic-dodsfall","16":"tag-underhallning"},"share_on_mastodon":{"url":"https:\/\/pubeurope.com\/@se\/115577479708846156","error":""},"_links":{"self":[{"href":"https:\/\/www.europesays.com\/se\/wp-json\/wp\/v2\/posts\/85024","targetHints":{"allow":["GET"]}}],"collection":[{"href":"https:\/\/www.europesays.com\/se\/wp-json\/wp\/v2\/posts"}],"about":[{"href":"https:\/\/www.europesays.com\/se\/wp-json\/wp\/v2\/types\/post"}],"author":[{"embeddable":true,"href":"https:\/\/www.europesays.com\/se\/wp-json\/wp\/v2\/users\/2"}],"replies":[{"embeddable":true,"href":"https:\/\/www.europesays.com\/se\/wp-json\/wp\/v2\/comments?post=85024"}],"version-history":[{"count":0,"href":"https:\/\/www.europesays.com\/se\/wp-json\/wp\/v2\/posts\/85024\/revisions"}],"wp:featuredmedia":[{"embeddable":true,"href":"https:\/\/www.europesays.com\/se\/wp-json\/wp\/v2\/media\/85025"}],"wp:attachment":[{"href":"https:\/\/www.europesays.com\/se\/wp-json\/wp\/v2\/media?parent=85024"}],"wp:term":[{"taxonomy":"category","embeddable":true,"href":"https:\/\/www.europesays.com\/se\/wp-json\/wp\/v2\/categories?post=85024"},{"taxonomy":"post_tag","embeddable":true,"href":"https:\/\/www.europesays.com\/se\/wp-json\/wp\/v2\/tags?post=85024"}],"curies":[{"name":"wp","href":"https:\/\/api.w.org\/{rel}","templated":true}]}}