{"id":85026,"date":"2025-11-19T17:16:15","date_gmt":"2025-11-19T17:16:15","guid":{"rendered":"https:\/\/www.europesays.com\/se\/85026\/"},"modified":"2025-11-19T17:16:15","modified_gmt":"2025-11-19T17:16:15","slug":"friskolemiddag-flyttas-fran-sagerska-expressen","status":"publish","type":"post","link":"https:\/\/www.europesays.com\/se\/85026\/","title":{"rendered":"Friskolemiddag flyttas fr\u00e5n Sagerska &#8211; Expressen"},"content":{"rendered":"<ol>\n<li><a href=\"https:\/\/news.google.com\/rss\/articles\/CBMilwFBVV95cUxNSVh5X0dnblhzUGNSdHp4SkRmWlQ4S044cWRXQjZvY05MaFhDdHduNDNzcVE5Ujc0Y0RXd3dUZUN5R2hhcTViLUhwWWswMUI0S3B5T05QSG42b0hwWTIxUFA1N0F2UEtrXzFka2lnRGxxa25iZHNoUFZqOEJualJXRkpmSkNqbjFvNFl5Z2dXbjd1RS00ZWxj?oc=5\" target=\"_blank\" rel=\"nofollow noopener\">Friskolemiddag flyttas fr\u00e5n Sagerska<\/a>&nbsp;&nbsp;Expressen<\/li>\n<li><a href=\"https:\/\/news.google.com\/rss\/articles\/CBMiigFBVV95cUxQTFp5a3FpTVBPWTYxUjkyRlFYb2lMSkNpZUNlNXNvUUduQnhwRVNxbXM2eVF1aXJRQzlLelk3UDFuZEdoZ0oyeTVjajA2RmdJZUpaUUFvcU8tRUVJSmF4MEVMSnlqYi1Jbmk5NzIyV0liTnVwcUQ5NG4zWGhiNG0taHFwM3AzQUtJdHc?oc=5\" target=\"_blank\" rel=\"nofollow noopener\">Tv\u00e5 minder\u00e5riga h\u00e4mtade till f\u00f6rh\u00f6r efter explosion i Bor\u00e5s<\/a>&nbsp;&nbsp;Aftonbladet<\/li>\n<li><a href=\"https:\/\/news.google.com\/rss\/articles\/CBMidEFVX3lxTE55eEhiamc0eWpsd1BzWWoxNHBzOUJKY3FsVUpZVVhBLVQtVmUyRW9FMlVEeVp5ZEJiWkVfejZhNmI0czVKRXNYZUpmbWpfRTlzWWkxRHA0TXYwMUswUkhPbjMxNHprVUVFaHM4Uk9wQkFIam4z?oc=5\" target=\"_blank\" rel=\"nofollow noopener\">Tv\u00e5 barn misst\u00e4nkta f\u00f6r spr\u00e4ngd\u00e5d i Bor\u00e5s<\/a>&nbsp;&nbsp;Omni<\/li>\n<li><a href=\"https:\/\/news.google.com\/rss\/articles\/CBMinAFBVV95cUxPRVRjRnZlakhVb3JwbnNIaEtnVmdSZnNFT2dEUVRMdDlJSkpreEROenk4RE9MbUxzR2lZZEVXcWNLTEFvRzZmbG1ka3QwNGhXS1JsUldtZHJpcG1wOW5admZMSXhvV2t6VnZ3elplWW9LMHlyWTFUaVNPdWRVdlJpRE11ZlJzbUtQdG1VdFF2NTYtZFFYZE5mQkJqZno?oc=5\" target=\"_blank\" rel=\"nofollow noopener\">Polisens teori: M\u00e5nga personer redo att betala f\u00f6r brott i Bor\u00e5s<\/a>&nbsp;&nbsp;SVT Nyheter<\/li>\n<li><a href=\"https:\/\/news.google.com\/rss\/articles\/CBMic0FVX3lxTE9LZ2xKTUNjTl9DVGUxNHQ4SnVfSEIyVFluZkk3SzRtWUp3MTd0dDM1aE52S1NhZTdZeXlHXzR6Wm1NNVBCTGRIZDhMc2I1VlZLaUdTU2d4MEk0SUNLNHhhanBHd1ZWYWliR0dncWptZ1N0UDA?oc=5\" target=\"_blank\" rel=\"nofollow noopener\">LEDARE: D\u00e5 kan bombv\u00e5gen i Bor\u00e5s bli \u00e4nnu v\u00e4rre<\/a>&nbsp;&nbsp;Bor\u00e5s Tidning<\/li>\n<\/ol>\n","protected":false},"excerpt":{"rendered":"Friskolemiddag flyttas fr\u00e5n Sagerska&nbsp;&nbsp;Expressen Tv\u00e5 minder\u00e5riga h\u00e4mtade till f\u00f6rh\u00f6r efter explosion i Bor\u00e5s&nbsp;&nbsp;Aftonbladet Tv\u00e5 barn misst\u00e4nkta f\u00f6r spr\u00e4ngd\u00e5d&hellip;\n","protected":false},"author":2,"featured_media":39,"comment_status":"","ping_status":"","sticky":false,"template":"","format":"standard","meta":{"footnotes":""},"categories":[5],"tags":[22,23,26,27,35,17,21,24,25,28,29,15,16,18,34,31,33,32,30,19,20],"class_list":{"0":"post-85026","1":"post","2":"type-post","3":"status-publish","4":"format-standard","5":"has-post-thumbnail","7":"category-rubriker","8":"tag-breaking-news","9":"tag-breakingnews","10":"tag-featured-news","11":"tag-featurednews","12":"tag-function-ta-bort-ai-rost","13":"tag-headlines","14":"tag-huvudnyheter","15":"tag-latest-news","16":"tag-latestnews","17":"tag-main-news","18":"tag-mainnews","19":"tag-news","20":"tag-nyheter","21":"tag-rubriker","22":"tag-se","23":"tag-svenska","24":"tag-sverige","25":"tag-sweden","26":"tag-swedish","27":"tag-top-stories","28":"tag-topstories"},"share_on_mastodon":{"url":"https:\/\/pubeurope.com\/@se\/115577499352254046","error":""},"_links":{"self":[{"href":"https:\/\/www.europesays.com\/se\/wp-json\/wp\/v2\/posts\/85026","targetHints":{"allow":["GET"]}}],"collection":[{"href":"https:\/\/www.europesays.com\/se\/wp-json\/wp\/v2\/posts"}],"about":[{"href":"https:\/\/www.europesays.com\/se\/wp-json\/wp\/v2\/types\/post"}],"author":[{"embeddable":true,"href":"https:\/\/www.europesays.com\/se\/wp-json\/wp\/v2\/users\/2"}],"replies":[{"embeddable":true,"href":"https:\/\/www.europesays.com\/se\/wp-json\/wp\/v2\/comments?post=85026"}],"version-history":[{"count":0,"href":"https:\/\/www.europesays.com\/se\/wp-json\/wp\/v2\/posts\/85026\/revisions"}],"wp:featuredmedia":[{"embeddable":true,"href":"https:\/\/www.europesays.com\/se\/wp-json\/wp\/v2\/media\/39"}],"wp:attachment":[{"href":"https:\/\/www.europesays.com\/se\/wp-json\/wp\/v2\/media?parent=85026"}],"wp:term":[{"taxonomy":"category","embeddable":true,"href":"https:\/\/www.europesays.com\/se\/wp-json\/wp\/v2\/categories?post=85026"},{"taxonomy":"post_tag","embeddable":true,"href":"https:\/\/www.europesays.com\/se\/wp-json\/wp\/v2\/tags?post=85026"}],"curies":[{"name":"wp","href":"https:\/\/api.w.org\/{rel}","templated":true}]}}