{"id":85031,"date":"2025-11-19T17:24:25","date_gmt":"2025-11-19T17:24:25","guid":{"rendered":"https:\/\/www.europesays.com\/se\/85031\/"},"modified":"2025-11-19T17:24:25","modified_gmt":"2025-11-19T17:24:25","slug":"fotboll-norsk-fotbollsstjarna-doms-till-14-dagars-fangelse","status":"publish","type":"post","link":"https:\/\/www.europesays.com\/se\/85031\/","title":{"rendered":"Fotboll: Norsk fotbollsstj\u00e4rna d\u00f6ms till 14 dagars f\u00e4ngelse"},"content":{"rendered":"<p>\u2013 N\u00e4r jag vidarebefordrade den ins\u00e5g jag ganska snabbt att det var olagligt, s\u00e5 jag raderade den direkt i gruppen och p\u00e5 min telefon, inom en minut, s\u00e4ger Schjelderup i r\u00e4tten, enligt VG.<\/p>\n<p>\u00c5klagaren yrkade p\u00e5 20 dagars f\u00e4ngelse, men domaren d\u00f6mde honom i st\u00e4llet till 14 dagars villkorligt f\u00e4ngelse eftersom han erk\u00e4nt. Han f\u00e5r pr\u00f6votid p\u00e5 ett \u00e5r och slipper samh\u00e4llstj\u00e4nst.<\/p>\n<p>\u2013 Du f\u00e5r ett gult kort, s\u00e4ger domaren enligt VG.<\/p>\n<p>Schjelderup var med i truppen n\u00e4r Norge tidigare i veckan blev klart f\u00f6r VM n\u00e4sta sommar. <\/p>\n","protected":false},"excerpt":{"rendered":"\u2013 N\u00e4r jag vidarebefordrade den ins\u00e5g jag ganska snabbt att det var olagligt, s\u00e5 jag raderade den direkt&hellip;\n","protected":false},"author":2,"featured_media":85032,"comment_status":"","ping_status":"","sticky":false,"template":"","format":"standard","meta":{"footnotes":""},"categories":[5],"tags":[22,23,26,27,17,21,24,25,28,29,15,16,18,34,31,33,32,30,19,20],"class_list":{"0":"post-85031","1":"post","2":"type-post","3":"status-publish","4":"format-standard","5":"has-post-thumbnail","7":"category-rubriker","8":"tag-breaking-news","9":"tag-breakingnews","10":"tag-featured-news","11":"tag-featurednews","12":"tag-headlines","13":"tag-huvudnyheter","14":"tag-latest-news","15":"tag-latestnews","16":"tag-main-news","17":"tag-mainnews","18":"tag-news","19":"tag-nyheter","20":"tag-rubriker","21":"tag-se","22":"tag-svenska","23":"tag-sverige","24":"tag-sweden","25":"tag-swedish","26":"tag-top-stories","27":"tag-topstories"},"share_on_mastodon":{"url":"https:\/\/pubeurope.com\/@se\/115577530831089338","error":""},"_links":{"self":[{"href":"https:\/\/www.europesays.com\/se\/wp-json\/wp\/v2\/posts\/85031","targetHints":{"allow":["GET"]}}],"collection":[{"href":"https:\/\/www.europesays.com\/se\/wp-json\/wp\/v2\/posts"}],"about":[{"href":"https:\/\/www.europesays.com\/se\/wp-json\/wp\/v2\/types\/post"}],"author":[{"embeddable":true,"href":"https:\/\/www.europesays.com\/se\/wp-json\/wp\/v2\/users\/2"}],"replies":[{"embeddable":true,"href":"https:\/\/www.europesays.com\/se\/wp-json\/wp\/v2\/comments?post=85031"}],"version-history":[{"count":0,"href":"https:\/\/www.europesays.com\/se\/wp-json\/wp\/v2\/posts\/85031\/revisions"}],"wp:featuredmedia":[{"embeddable":true,"href":"https:\/\/www.europesays.com\/se\/wp-json\/wp\/v2\/media\/85032"}],"wp:attachment":[{"href":"https:\/\/www.europesays.com\/se\/wp-json\/wp\/v2\/media?parent=85031"}],"wp:term":[{"taxonomy":"category","embeddable":true,"href":"https:\/\/www.europesays.com\/se\/wp-json\/wp\/v2\/categories?post=85031"},{"taxonomy":"post_tag","embeddable":true,"href":"https:\/\/www.europesays.com\/se\/wp-json\/wp\/v2\/tags?post=85031"}],"curies":[{"name":"wp","href":"https:\/\/api.w.org\/{rel}","templated":true}]}}