{"id":85037,"date":"2025-11-19T17:32:25","date_gmt":"2025-11-19T17:32:25","guid":{"rendered":"https:\/\/www.europesays.com\/se\/85037\/"},"modified":"2025-11-19T17:32:25","modified_gmt":"2025-11-19T17:32:25","slug":"jessie-diggins-bekraftar-avslutar-karriaren","status":"publish","type":"post","link":"https:\/\/www.europesays.com\/se\/85037\/","title":{"rendered":"Jessie Diggins bekr\u00e4ftar: Avslutar karri\u00e4ren"},"content":{"rendered":"<p>Publicerad 19 nov 2025 kl 13.09Uppdaterad kl 14.04<\/p>\n<p>Jessie Diggins l\u00e4gger av.\u00a0<\/p>\n<p>Amerikanskan bekr\u00e4ftar p\u00e5 Instagram att den h\u00e4r s\u00e4songen blir hennes sista.\u00a0<\/p>\n<p>\u201dDet kommer bli tufft\u201d, skriver hon.\u00a0<\/p>\n<p><img   alt=\"\"\/> <\/p>\n<p>Foto: NORDIC FOCUS \/ NORDIC FOCUS BILDBYR\u00c5N<\/p>\n<p>\u00d6ppna bild i helsk\u00e4rm<\/p>\n<p>N\u00e4r v\u00e4rldscupss\u00e4songen avslutas i amerikanska Lake Placid kommer en av l\u00e4ngdskid\u00e5kningens allra st\u00f6rsta stj\u00e4rnor tacka f\u00f6r sig.\u00a0<\/p>\n<p>Jessie Diggins, 34, med tio OS- och VM-medaljer p\u00e5 meritlistan, varav tre guld, skriver p\u00e5 Instagram att den h\u00e4r s\u00e4songen blir hennes sista.\u00a0<\/p>\n<p>\u201dDet kommer bli tufft f\u00f6r mig att sluta, men det k\u00e4nns r\u00e4tt i hj\u00e4rtat och jag ser fram emot ett nytt kapitel i mitt liv\u201d, skriver hon.\u00a0<\/p>\n<p>Diggins bekr\u00e4ftar \u2013 slutar efter s\u00e4songen<\/p>\n<p>Redan f\u00f6r ett par m\u00e5nader sedan ber\u00e4ttade Fis t\u00e4vlingschef Simon Caprini i en podcast att den h\u00e4r s\u00e4songen skulle bli Diggins sista i karri\u00e4ren. Det amerikanska f\u00f6rbundet valde att inte kommentera uppgifterna och den amerikanskan stj\u00e4rnan har sj\u00e4lv varit tyst.\u00a0<\/p>\n<p>Fram till nu.\u00a0<\/p>\n<p>\u201dJag har t\u00e4nkt mycket p\u00e5 hur jag ska kunna f\u00f6rklara var sporten och m\u00e4nniskorna i den betyder f\u00f6r mig, men sanningen \u00e4r den att jag bryter ihop varje g\u00e5ng jag f\u00f6rs\u00f6ker g\u00f6ra det. Mest av allt \u00e4r jag tacksam \u00f6ver allt st\u00f6d jag f\u00e5tt genom mitt liv som gett mig m\u00f6jligheten att jaga mina galna dr\u00f6mmar\u201d.\u00a0<\/p>\n<p>Diggins sista t\u00e4vlingar avg\u00f6rs mellan den 20 till 22 mars n\u00e4sta \u00e5r, dessf\u00f6rinnan har hon siktet inst\u00e4llt p\u00e5 s\u00e5v\u00e4l ny succ\u00e9 i v\u00e4rldscupen som OS-medaljer i Milano.\u00a0<\/p>\n<p>Hennes f\u00f6rsta t\u00e4vling den h\u00e4r s\u00e4songen blir v\u00e4rldscupspremi\u00e4ren i finska Ruka den 28:e till 30 november.\u00a0<\/p>\n<p><a href=\"https:\/\/www.instagram.com\/p\/DRPMK2mgsMl\/?img_index=1&amp;igsh=Z202Ym9hM2dhMnN1\" data-provider=\"instagram\" class=\"js-social-embed\" rel=\"nofollow noopener\" target=\"_blank\">https:\/\/www.instagram.com\/p\/DRPMK2mgsMl\/?img_index=1&amp;igsh=Z202Ym9hM2dhMnN1<\/a><script async src=\"\/\/www.instagram.com\/embed.js\"><\/script><\/p>\n","protected":false},"excerpt":{"rendered":"Publicerad 19 nov 2025 kl 13.09Uppdaterad kl 14.04 Jessie Diggins l\u00e4gger av.\u00a0 Amerikanskan bekr\u00e4ftar p\u00e5 Instagram att den&hellip;\n","protected":false},"author":2,"featured_media":85038,"comment_status":"","ping_status":"","sticky":false,"template":"","format":"standard","meta":{"footnotes":""},"categories":[5],"tags":[22,23,26,27,17,21,24,25,28,29,15,16,8850,18,34,857,31,33,32,30,19,20],"class_list":{"0":"post-85037","1":"post","2":"type-post","3":"status-publish","4":"format-standard","5":"has-post-thumbnail","7":"category-rubriker","8":"tag-breaking-news","9":"tag-breakingnews","10":"tag-featured-news","11":"tag-featurednews","12":"tag-headlines","13":"tag-huvudnyheter","14":"tag-latest-news","15":"tag-latestnews","16":"tag-main-news","17":"tag-mainnews","18":"tag-news","19":"tag-nyheter","20":"tag-person-jessica-diggins","21":"tag-rubriker","22":"tag-se","23":"tag-sections-langdskidor","24":"tag-svenska","25":"tag-sverige","26":"tag-sweden","27":"tag-swedish","28":"tag-top-stories","29":"tag-topstories"},"share_on_mastodon":{"url":"https:\/\/pubeurope.com\/@se\/115577562285062717","error":""},"_links":{"self":[{"href":"https:\/\/www.europesays.com\/se\/wp-json\/wp\/v2\/posts\/85037","targetHints":{"allow":["GET"]}}],"collection":[{"href":"https:\/\/www.europesays.com\/se\/wp-json\/wp\/v2\/posts"}],"about":[{"href":"https:\/\/www.europesays.com\/se\/wp-json\/wp\/v2\/types\/post"}],"author":[{"embeddable":true,"href":"https:\/\/www.europesays.com\/se\/wp-json\/wp\/v2\/users\/2"}],"replies":[{"embeddable":true,"href":"https:\/\/www.europesays.com\/se\/wp-json\/wp\/v2\/comments?post=85037"}],"version-history":[{"count":0,"href":"https:\/\/www.europesays.com\/se\/wp-json\/wp\/v2\/posts\/85037\/revisions"}],"wp:featuredmedia":[{"embeddable":true,"href":"https:\/\/www.europesays.com\/se\/wp-json\/wp\/v2\/media\/85038"}],"wp:attachment":[{"href":"https:\/\/www.europesays.com\/se\/wp-json\/wp\/v2\/media?parent=85037"}],"wp:term":[{"taxonomy":"category","embeddable":true,"href":"https:\/\/www.europesays.com\/se\/wp-json\/wp\/v2\/categories?post=85037"},{"taxonomy":"post_tag","embeddable":true,"href":"https:\/\/www.europesays.com\/se\/wp-json\/wp\/v2\/tags?post=85037"}],"curies":[{"name":"wp","href":"https:\/\/api.w.org\/{rel}","templated":true}]}}