{"id":85055,"date":"2025-11-19T17:59:12","date_gmt":"2025-11-19T17:59:12","guid":{"rendered":"https:\/\/www.europesays.com\/se\/85055\/"},"modified":"2025-11-19T17:59:12","modified_gmt":"2025-11-19T17:59:12","slug":"mjallby-nominerat-till-jerringpriset-kan-bryta-mot-reglerna","status":"publish","type":"post","link":"https:\/\/www.europesays.com\/se\/85055\/","title":{"rendered":"Mj\u00e4llby nominerat till Jerringpriset \u2013 kan bryta mot reglerna"},"content":{"rendered":"<p><strong>Mj\u00e4llby AIF kan vinna Jerringpriset.<br \/>Men guldlagets nominering kan bryta mot reglerna.<br \/>Det rapporterar TT under onsdagen.<\/strong><\/p>\n<p><img loading=\"lazy\" decoding=\"async\" width=\"1024\" height=\"576\" src=\"https:\/\/www.europesays.com\/se\/wp-content\/uploads\/2025\/11\/maif-3-1024x576.jpg\" alt=\"251109 Mj\u00e4llbys Herman Johansson jublar med Lennart Johanssons pokal efter fotbollsmatchen i Allsvenskan mellan Mj\u00e4llby och H\u00e4cken den 9 november 2025 i H\u00e4llevik.\" class=\"wp-image-342258\"  \/>Foto: Bildbyr\u00e5n<\/p>\n<p>Efter succ\u00e9\u00e5ret 2025 kan <strong><a href=\"https:\/\/fotbolldirekt.se\/klubb\/mjallby-aif\/\" rel=\"nofollow noopener\" target=\"_blank\">Mj\u00e4llby AIF<\/a><\/strong> prisas p\u00e5 Idrottsgalan. Den svenska m\u00e4starklubben \u00e4r nominerad till <strong>Jerringpriset 2026 <\/strong>efter det bragdartade SM-guldet tidigare i h\u00f6stas. \u00c4ven Arsenal-anfallaren <strong><a href=\"https:\/\/fotbolldirekt.se\/spelare\/viktor-gyokeres\/\" rel=\"nofollow noopener\" target=\"_blank\">Viktor Gy\u00f6keres<\/a><\/strong> \u00e4r nominerad till det prestigefyllda priset.<\/p>\n<p>Nu visar det sig dock att nomineringen av Mj\u00e4llby kan bryta mot prisets interna regler. Enligt TT skrivs Jerringprisets statuter till; \u201df\u00f6rordar att prestationen ska ha gjorts mot internationellt motst\u00e5nd\u201d.<\/p>\n<p><img loading=\"lazy\" decoding=\"async\" width=\"1024\" height=\"576\" src=\"https:\/\/www.europesays.com\/se\/wp-content\/uploads\/2025\/11\/mjallby-1-1024x576.jpg\" alt=\"251109 Mj\u00e4llbys Jesper Gustavsson h\u00f6jer pokalen efter fotbollsmatchen i Allsvenskan mellan Mj\u00e4llby och H\u00e4cken den 9 november 2025 i H\u00e4llevik.&#10;\" class=\"wp-image-342260\"  \/>Mj\u00e4llby. Foto: Bildbyr\u00e5n<\/p>\n<p>I och med att Mj\u00e4llby inte har st\u00e4llts mot internationellt t\u00e4vlingsmotst\u00e5nd i \u00e5r kan nomineringen strida mot statuterna.<\/p>\n<p>\u2013\u00a0Vi vill inte vara akademiska och rita ett tr\u00e5kigt streck p\u00e5 det h\u00e4r s\u00e4ttet. Vi vill i st\u00e4llet \u00f6ppna f\u00f6r diskussion och engagemang, s\u00e4ger Bengt Sk\u00f6tt, Radiosporten, enligt <a href=\"https:\/\/www.expressen.se\/sport\/de-kan-vinna-jerringpriset-2026--mjallby-vacker-reaktioner\/\" rel=\"nofollow noopener\" target=\"_blank\">Expressen<\/a>.<\/p>\n","protected":false},"excerpt":{"rendered":"Mj\u00e4llby AIF kan vinna Jerringpriset.Men guldlagets nominering kan bryta mot reglerna.Det rapporterar TT under onsdagen. Foto: Bildbyr\u00e5n Efter&hellip;\n","protected":false},"author":2,"featured_media":85056,"comment_status":"","ping_status":"","sticky":false,"template":"","format":"standard","meta":{"footnotes":""},"categories":[5],"tags":[22,23,26,27,17,21,24,25,28,29,15,16,18,34,115,31,33,32,30,19,20],"class_list":{"0":"post-85055","1":"post","2":"type-post","3":"status-publish","4":"format-standard","5":"has-post-thumbnail","7":"category-rubriker","8":"tag-breaking-news","9":"tag-breakingnews","10":"tag-featured-news","11":"tag-featurednews","12":"tag-headlines","13":"tag-huvudnyheter","14":"tag-latest-news","15":"tag-latestnews","16":"tag-main-news","17":"tag-mainnews","18":"tag-news","19":"tag-nyheter","20":"tag-rubriker","21":"tag-se","22":"tag-senaste-nytt-2","23":"tag-svenska","24":"tag-sverige","25":"tag-sweden","26":"tag-swedish","27":"tag-top-stories","28":"tag-topstories"},"share_on_mastodon":{"url":"https:\/\/pubeurope.com\/@se\/115577668651441371","error":""},"_links":{"self":[{"href":"https:\/\/www.europesays.com\/se\/wp-json\/wp\/v2\/posts\/85055","targetHints":{"allow":["GET"]}}],"collection":[{"href":"https:\/\/www.europesays.com\/se\/wp-json\/wp\/v2\/posts"}],"about":[{"href":"https:\/\/www.europesays.com\/se\/wp-json\/wp\/v2\/types\/post"}],"author":[{"embeddable":true,"href":"https:\/\/www.europesays.com\/se\/wp-json\/wp\/v2\/users\/2"}],"replies":[{"embeddable":true,"href":"https:\/\/www.europesays.com\/se\/wp-json\/wp\/v2\/comments?post=85055"}],"version-history":[{"count":0,"href":"https:\/\/www.europesays.com\/se\/wp-json\/wp\/v2\/posts\/85055\/revisions"}],"wp:featuredmedia":[{"embeddable":true,"href":"https:\/\/www.europesays.com\/se\/wp-json\/wp\/v2\/media\/85056"}],"wp:attachment":[{"href":"https:\/\/www.europesays.com\/se\/wp-json\/wp\/v2\/media?parent=85055"}],"wp:term":[{"taxonomy":"category","embeddable":true,"href":"https:\/\/www.europesays.com\/se\/wp-json\/wp\/v2\/categories?post=85055"},{"taxonomy":"post_tag","embeddable":true,"href":"https:\/\/www.europesays.com\/se\/wp-json\/wp\/v2\/tags?post=85055"}],"curies":[{"name":"wp","href":"https:\/\/api.w.org\/{rel}","templated":true}]}}