{"id":85057,"date":"2025-11-19T18:01:24","date_gmt":"2025-11-19T18:01:24","guid":{"rendered":"https:\/\/www.europesays.com\/se\/85057\/"},"modified":"2025-11-19T18:01:24","modified_gmt":"2025-11-19T18:01:24","slug":"forwarden-lamnar-malmo-gjorde-det-jattebra","status":"publish","type":"post","link":"https:\/\/www.europesays.com\/se\/85057\/","title":{"rendered":"Forwarden l\u00e4mnar Malm\u00f6: &#8221;Gjorde det j\u00e4ttebra&#8221;"},"content":{"rendered":"<p><strong>Sebastian W\u00e4nnstr\u00f6m plockades in av <a href=\"https:\/\/hockeysverige.se\/klubb\/malmo-redhawks\/\" rel=\"nofollow noopener\" target=\"_blank\">Malm\u00f6<\/a> i slutet av oktober p\u00e5 grund av skadeproblematik. Nu st\u00e5r det klart att klubben bryter korttidskontraktet med forwarden i f\u00f6rtid.<br \/>\u2013 Vi har f\u00e5tt tillbaka spelare som vi inte hade d\u00e5, s\u00e4ger huvudtr\u00e4nare Tomas Kollar till <a href=\"https:\/\/www.expressen.se\/sport\/hockey\/shl\/sebastian-wannstrom-lamnar-malmo-kontraktet-bryts-i-fortid\/\" rel=\"nofollow noopener\" target=\"_blank\">Expressen<\/a>.<\/strong><\/p>\n<p><img loading=\"lazy\" decoding=\"async\" width=\"1024\" height=\"658\" src=\"https:\/\/www.europesays.com\/se\/wp-content\/uploads\/2025\/11\/Sebastian-Wannstrom-1024x658.webp.webp\" alt=\"\" class=\"wp-image-327366\"  \/>Sebastian W\u00e4nnstr\u00f6m.<br \/>\nFoto: Christian \u00d6rnberg\/Bildbyr\u00e5n.<\/p>\n<p>Det var i slutet av oktober som Malm\u00f6 plockade in den v\u00e4lmeriterade forwarden Sebastian W\u00e4nnstr\u00f6m p\u00e5 grund av manfall p\u00e5 forwardsidan. Klubben skrev ett korttidskontrakt p\u00e5 sju veckor med forwarden den 24:e oktober \u2013 nu st\u00e5r det dock klart att W\u00e4nnstr\u00f6m l\u00e4mnar klubben i f\u00f6rtid.<\/p>\n<p>\u2013 Vi har haft en ganska tydlig kommunikation. Vi har f\u00e5tt tillbaka spelare som vi inte hade d\u00e5, och det har inte riktigt funnits plats i v\u00e5r laguppst\u00e4llning. D\u00e5 blev det b\u00e4st s\u00e5 h\u00e4r, s\u00e4ger huvudtr\u00e4nare Tomas Kollar till Expressen.<\/p>\n<p>W\u00e4nnstr\u00f6m spelade bara tre matcher med Malm\u00f6 och noterades inte f\u00f6r n\u00e5gra po\u00e4ng. Han har gjort 311 matcher i <a href=\"https:\/\/hockeysverige.se\/shl\/\" rel=\"nofollow noopener\" target=\"_blank\">SHL<\/a> under sin karri\u00e4r och har noterats f\u00f6r 104 po\u00e4ng (58+46). 34-\u00e5ringen har \u00e4ven hunnit med spel i KHL, Liiga, <a href=\"https:\/\/hockeysverige.se\/AHL\/\" rel=\"nofollow noopener\" target=\"_blank\">AHL<\/a> och DEL. Trots att forwarden l\u00e4mnar Malm\u00f6 \u00e4r Tomas Kollar imponerad \u00f6ver W\u00e4nnstr\u00f6ms insats.<\/p>\n<p>\u2013 Han gjorde det j\u00e4ttebra. Jag \u00e4r imponerad \u00f6ver hur han k\u00f6rde varje dag och jag \u00f6nskar verkligen honom all lycka fram\u00f6ver.<\/p>\n<p> Source: <a href=\"https:\/\/www.eliteprospects.com\/player\/9782\/sebastian-wannstrom\" target=\"_blank\" rel=\"noopener noreferrer nofollow\">Sebastian W\u00e4nnstr\u00f6m<\/a> @ Elite Prospects<\/p>\n","protected":false},"excerpt":{"rendered":"Sebastian W\u00e4nnstr\u00f6m plockades in av Malm\u00f6 i slutet av oktober p\u00e5 grund av skadeproblematik. Nu st\u00e5r det klart&hellip;\n","protected":false},"author":2,"featured_media":85058,"comment_status":"","ping_status":"","sticky":false,"template":"","format":"standard","meta":{"footnotes":""},"categories":[68],"tags":[34,133,134,111,110,31,33,32,30],"class_list":{"0":"post-85057","1":"post","2":"type-post","3":"status-publish","4":"format-standard","5":"has-post-thumbnail","7":"category-sport","8":"tag-se","9":"tag-second-news","10":"tag-shl","11":"tag-sport","12":"tag-sports","13":"tag-svenska","14":"tag-sverige","15":"tag-sweden","16":"tag-swedish"},"share_on_mastodon":{"url":"https:\/\/pubeurope.com\/@se\/115577676479312272","error":""},"_links":{"self":[{"href":"https:\/\/www.europesays.com\/se\/wp-json\/wp\/v2\/posts\/85057","targetHints":{"allow":["GET"]}}],"collection":[{"href":"https:\/\/www.europesays.com\/se\/wp-json\/wp\/v2\/posts"}],"about":[{"href":"https:\/\/www.europesays.com\/se\/wp-json\/wp\/v2\/types\/post"}],"author":[{"embeddable":true,"href":"https:\/\/www.europesays.com\/se\/wp-json\/wp\/v2\/users\/2"}],"replies":[{"embeddable":true,"href":"https:\/\/www.europesays.com\/se\/wp-json\/wp\/v2\/comments?post=85057"}],"version-history":[{"count":0,"href":"https:\/\/www.europesays.com\/se\/wp-json\/wp\/v2\/posts\/85057\/revisions"}],"wp:featuredmedia":[{"embeddable":true,"href":"https:\/\/www.europesays.com\/se\/wp-json\/wp\/v2\/media\/85058"}],"wp:attachment":[{"href":"https:\/\/www.europesays.com\/se\/wp-json\/wp\/v2\/media?parent=85057"}],"wp:term":[{"taxonomy":"category","embeddable":true,"href":"https:\/\/www.europesays.com\/se\/wp-json\/wp\/v2\/categories?post=85057"},{"taxonomy":"post_tag","embeddable":true,"href":"https:\/\/www.europesays.com\/se\/wp-json\/wp\/v2\/tags?post=85057"}],"curies":[{"name":"wp","href":"https:\/\/api.w.org\/{rel}","templated":true}]}}