{"id":85059,"date":"2025-11-19T18:04:08","date_gmt":"2025-11-19T18:04:08","guid":{"rendered":"https:\/\/www.europesays.com\/se\/85059\/"},"modified":"2025-11-19T18:04:08","modified_gmt":"2025-11-19T18:04:08","slug":"kanada-bekraftar-intresse-for-saab-och-gripen","status":"publish","type":"post","link":"https:\/\/www.europesays.com\/se\/85059\/","title":{"rendered":"Kanada bekr\u00e4ftar intresse f\u00f6r Saab och Gripen"},"content":{"rendered":"<p>Kanada ser \u00f6ver alternativen n\u00e4r det g\u00e4ller ink\u00f6p av nya stridsplan och regeringen \u00f6ppnar nu d\u00f6rren f\u00f6r Saab och Jas Gripen. Det rapporterar SR Ekot. <\/p>\n<p>\u2013 N\u00e4r det g\u00e4ller Gripen \u00e4r vi sj\u00e4lvklart intresserade av att se vad som kan g\u00f6ras, sa industriminister M\u00e9lanie Joly i samband med det svenska statsbes\u00f6ket i Kanada under tisdagen.<\/p>\n<p>Regeringen ska ta beslut i n\u00e4rtid och kommer bland annat ta h\u00e4nsyn till hur m\u00e5nga jobb upphandlingen kan skapa i Kanada. <\/p>\n<p>Omni \u00e4r politiskt obundna och oberoende. Vi str\u00e4var efter att ge fler perspektiv p\u00e5 nyheterna. Har du fr\u00e5gor eller synpunkter kring v\u00e5r rapportering? <a href=\"https:\/\/omni.se\/kanada-bekraftar-intresse-for-saab-och-gripen\/a\/mailto:redaktion@omni.se\" class=\"ArticleActions_contactLink__W2F1M\" rel=\"nofollow noopener\" target=\"_blank\">Kontakta redaktionen<\/a><\/p>\n","protected":false},"excerpt":{"rendered":"Kanada ser \u00f6ver alternativen n\u00e4r det g\u00e4ller ink\u00f6p av nya stridsplan och regeringen \u00f6ppnar nu d\u00f6rren f\u00f6r Saab&hellip;\n","protected":false},"author":2,"featured_media":85060,"comment_status":"","ping_status":"","sticky":false,"template":"","format":"standard","meta":{"footnotes":""},"categories":[65],"tags":[72,70,71,1091,268,34,31,33,32,30],"class_list":{"0":"post-85059","1":"post","2":"type-post","3":"status-publish","4":"format-standard","5":"has-post-thumbnail","7":"category-ekonomi","8":"tag-business","9":"tag-economy","10":"tag-ekonomi","11":"tag-kanada","12":"tag-nordamerika","13":"tag-se","14":"tag-svenska","15":"tag-sverige","16":"tag-sweden","17":"tag-swedish"},"share_on_mastodon":{"url":"https:\/\/pubeurope.com\/@se\/115577688114127241","error":""},"_links":{"self":[{"href":"https:\/\/www.europesays.com\/se\/wp-json\/wp\/v2\/posts\/85059","targetHints":{"allow":["GET"]}}],"collection":[{"href":"https:\/\/www.europesays.com\/se\/wp-json\/wp\/v2\/posts"}],"about":[{"href":"https:\/\/www.europesays.com\/se\/wp-json\/wp\/v2\/types\/post"}],"author":[{"embeddable":true,"href":"https:\/\/www.europesays.com\/se\/wp-json\/wp\/v2\/users\/2"}],"replies":[{"embeddable":true,"href":"https:\/\/www.europesays.com\/se\/wp-json\/wp\/v2\/comments?post=85059"}],"version-history":[{"count":0,"href":"https:\/\/www.europesays.com\/se\/wp-json\/wp\/v2\/posts\/85059\/revisions"}],"wp:featuredmedia":[{"embeddable":true,"href":"https:\/\/www.europesays.com\/se\/wp-json\/wp\/v2\/media\/85060"}],"wp:attachment":[{"href":"https:\/\/www.europesays.com\/se\/wp-json\/wp\/v2\/media?parent=85059"}],"wp:term":[{"taxonomy":"category","embeddable":true,"href":"https:\/\/www.europesays.com\/se\/wp-json\/wp\/v2\/categories?post=85059"},{"taxonomy":"post_tag","embeddable":true,"href":"https:\/\/www.europesays.com\/se\/wp-json\/wp\/v2\/tags?post=85059"}],"curies":[{"name":"wp","href":"https:\/\/api.w.org\/{rel}","templated":true}]}}