{"id":85081,"date":"2025-11-19T18:32:09","date_gmt":"2025-11-19T18:32:09","guid":{"rendered":"https:\/\/www.europesays.com\/se\/85081\/"},"modified":"2025-11-19T18:32:09","modified_gmt":"2025-11-19T18:32:09","slug":"darfor-ar-fragan-om-ai-barnpornografi-mer-komplex-an-den-verkar","status":"publish","type":"post","link":"https:\/\/www.europesays.com\/se\/85081\/","title":{"rendered":"D\u00e4rf\u00f6r \u00e4r fr\u00e5gan om AI-barnpornografi mer komplex \u00e4n den verkar"},"content":{"rendered":"<p>\t\t\t<img width=\"1600\" height=\"1200\" src=\"https:\/\/www.europesays.com\/se\/wp-content\/uploads\/2025\/11\/polisen-barnpornografi-1600x1200.webp.webp\" class=\"attachment-large size-large wp-post-image\" alt=\"Polisens avsp\u00e4rrningstejp framf\u00f6r en bild p\u00e5 ett barn med glitcheffekt.\" loading=\"eager\" fetchpriority=\"high\" decoding=\"async\"  \/>\t\t<\/p>\n<p class=\"ingress\" style=\"color: #000;\">P\u00e5 bara ett par \u00e5r har AI-genererad barnpornografi g\u00e5tt fr\u00e5n dystopiskt framtidsscenario till verklighet. Nu f\u00f6resl\u00e5s polisen nyttja utvecklingen till sin f\u00f6rdel och skapa \u00f6vergreppsmaterial f\u00f6r att f\u00e5 fast pedofiler. Har det g\u00e5tt f\u00f6r snabbt?<\/p>\n<p>\n      Publicerad 19-11-2025    <\/p>\n<p>Dela  <\/p>\n<p>Det f\u00f6rsta svenska \u00e5talet g\u00e4llande AI-genererad barnpornografi v\u00e4cktes tack vare en 15-\u00e5rig flicka. V\u00e5ren 2023 ber\u00e4ttade hon f\u00f6r polisen att hon f\u00f6r n\u00e5gra m\u00e5nader sedan b\u00f6rjade chatta med en man kallad \u00bbSockerpappan\u00ab\u00a0p\u00e5 Snapchat, f\u00f6r att hon ville ha tag i snabba pengar. I b\u00f6rjan swishade han henne och bad henne b\u00e4ra barnkl\u00e4der. Snart urartade situationen allt mer, hon \u00f6vertalades till videosamtal d\u00e4r mannen sade att han ville g\u00f6ra \u00bbj\u00e4tte\u00e4ckliga saker\u00ab mot henne \u2013 och upprepade g\u00e5nger \u00f6vertalade han henne att posera sexuellt. I f\u00f6rh\u00f6r mindes hon s\u00e4rskilt en bild d\u00e4r hon satt i sin pyjamas p\u00e5 s\u00e4ngen och visade sina br\u00f6st, och att hon vid ett annat tillf\u00e4lle pressades att skicka en video d\u00e4r hon stoppade in \u00bbett finger i rumpan och ett finger i snippan\u00ab.<\/p>\n<p>\u00bbSockerpappan\u00ab var en gift man i 40-\u00e5rs\u00e5ldern som bodde i Mariestad. N\u00e4r han greps av polisen uppt\u00e4ckte de att han utsatt ytterligare tre minder\u00e5riga flickor f\u00f6r liknande \u00f6vergrepp. Vid en genoms\u00f6kning av mannens dator fann de ocks\u00e5 material f\u00f6rest\u00e4llande flickor som inte fanns.<\/p>\n<p>Mannen erk\u00e4nde att han hade anv\u00e4nt artificiell intelligens f\u00f6r att framst\u00e4lla bilderna. I f\u00f6rh\u00f6r h\u00e4vdade han att han bara ville \u00bbtesta vad datorprogrammet kunde generera\u00ab, det var inte meningen att skapa barnporr. De promptar han skrivit in i programmet var dock tydliga: elva g\u00e5nger hade han bett AI:n generera bilder p\u00e5 flickor i \u00bbnio- eller tio\u00e5rs\u00e5ldern, med synligt k\u00f6n och i en sexuell position\u00ab. Det var ocks\u00e5 vad bilderna visade, men med vissa skavanker \u2013 en g\u00e5ng hade programmet exempelvis r\u00e5kat ge barnet ett extra ben.<\/p>\n<p>I juli samma \u00e5r kom Skaraborgs tingsr\u00e4tt fram till att bilderna inte utgjorde barnpornografi, eftersom de inte var tillr\u00e4ckligt verklighetstrogna. Mannen hade dock onekligen f\u00f6rs\u00f6kt framst\u00e4lla verklighetstrogna bilder, varf\u00f6r han d\u00f6mdes till f\u00f6rs\u00f6k till barnpornografibrott.<\/p>\n<p>Sedan dess har utvecklingen g\u00e5tt i en rasande takt, i dag \u00e4r AI-bilder ett vanligt inslag i ljusskygga chattar och forum, medan programmen tr\u00e4nats att framst\u00e4lla allt mer realistiskt material. Numera \u00e4r bilderna s\u00e5 verkliga att de f\u00f6resl\u00e5s kunna anv\u00e4ndas av polisen f\u00f6r att stoppa pedofiler.<\/p>\n<p>I b\u00f6rjan av november 2025 presenterade justitieminister Gunnar Str\u00f6mmer och utredaren Stefan Johansson nyheten p\u00e5 en presskonferens. Syftet med f\u00f6rslaget, som Polismyndigheten efterfr\u00e5gat, \u00e4r att poliser ska kunna ta sig in i chattkanaler och forum som bygger p\u00e5 ett \u00f6msesidigt utbyte av \u00f6vergreppsmaterial mot barn. F\u00f6r att f\u00e5 tillg\u00e5ng kr\u00e4vs n\u00e4mligen att den intresserade anv\u00e4ndaren sj\u00e4lv delar material, och det har polisen inte haft laglig r\u00e4tt att g\u00f6ra. N\u00e5gra AI-bilder skulle kunna vara nyckeln in.<\/p>\n<p>\u00c4ven om syftet att stoppa \u00f6vergrepp \u00e4r gott, konstaterade utredaren Johansson p\u00e5 presskonferensen att fr\u00e5gan om polisen sj\u00e4lva ska f\u00e5 producera och sprida barnpornografiskt material onekligen \u00bbv\u00e4cker principiella, och etiska, fr\u00e5gor\u00ab. Det t\u00e5l d\u00e4rf\u00f6r att f\u00f6rklaras: Hur hamnade vi h\u00e4r?<\/p>\n<p>\u00a0<\/p>\n<p>Under n\u00e4stan hela 1970-talet var barnpornografi lagligt i Sverige. Av en h\u00e4ndelse slank det med n\u00e4r man 1971 avkriminaliserade pornografi i st\u00f6rsta allm\u00e4nhet: tidigare ans\u00e5gs porren brottslig eftersom den s\u00e5rade \u00bbtukt och sedlighet\u00ab, men s\u00e5 kunde man inte ha det i yttrandefrihetens Sverige. Efter n\u00e5gra \u00e5r tillsatte regeringen dock en utredning f\u00f6r att t\u00e4ppa igen den absurda lucka som till\u00e4t skildringar av sexuella \u00f6vergrepp mot barn. Redan d\u00e5, n\u00e4r tekniken inte m\u00f6jliggjorde mer avancerade fiktiva bilder \u00e4n teckningar, kom man fram till att \u00e4ven s\u00e5dant material skulle kriminaliseras. I propositionen framf\u00f6rdes tv\u00e5 sk\u00e4l till beslutet: det gick inte att utesluta att verkliga barn st\u00e5tt modell f\u00f6r barnpornografiska m\u00e5lningar, men framf\u00f6rallt ans\u00e5g de att \u00bbbilder av denna typ \u00e4r kr\u00e4nkande f\u00f6r barn \u00f6ver huvud taget, inte bara f\u00f6r det barn som kan ha anv\u00e4nts som modell\u00ab. 1979 blev barnpornografi ett brott.<\/p>\n<p class=\"offer-nedryckare minifix\">Forts\u00e4tt l\u00e4sa<br \/>\u2013 gratis i tv\u00e5 m\u00e5nader<\/p>\n<p class=\"puff alt minifix\">D\u00e4refter 89:-\/m\u00e5nad.<\/p>\n<p>\t<a id=\"paywallDigitalButton\" class=\"opab-button fill\" href=\"https:\/\/magasinetfilter.se\/prenumeration\/order\/orderforms\/fid120\" data-order-url=\"https:\/\/magasinetfilter.se\/perspektiv\/darfor-ar-fragan-om-ai-barnpornografi-mer-komplex-an-den-verkar\/\" rel=\"nofollow noopener\" target=\"_blank\">Testa nu<\/a><\/p>\n<p class=\"puff alt upc\">Har du redan ett konto? <a href=\"https:\/\/connectid.se\/user\/oauth\/authorize?response_type=code&amp;client_id=se.offsidepress.filter&amp;redirect_uri=https%3A%2F%2Fmagasinetfilter.se%2Fperspektiv%2Fdarfor-ar-fragan-om-ai-barnpornografi-mer-komplex-an-den-verkar%2F%3Fflowy_paywall_callback\" class=\"login\" rel=\"nofollow noopener\" target=\"_blank\">Logga in<\/a> h\u00e4r.<\/p>\n<p>    Publicerades 19-11-2025. Artikeln \u00e4r skriven av <a href=\"https:\/\/magasinetfilter.se\/skribent\/jacob-ohlsen\/\" rel=\"tag nofollow noopener\" target=\"_blank\">Jacob Ohls\u00e9n<\/a>.<\/p>\n","protected":false},"excerpt":{"rendered":"P\u00e5 bara ett par \u00e5r har AI-genererad barnpornografi g\u00e5tt fr\u00e5n dystopiskt framtidsscenario till verklighet. Nu f\u00f6resl\u00e5s polisen nyttja&hellip;\n","protected":false},"author":2,"featured_media":85082,"comment_status":"","ping_status":"","sticky":false,"template":"","format":"standard","meta":{"footnotes":""},"categories":[69],"tags":[8852,113,112,1683,34,31,33,32,30],"class_list":{"0":"post-85081","1":"post","2":"type-post","3":"status-publish","4":"format-standard","5":"has-post-thumbnail","7":"category-halsa","8":"tag-brott-straff","9":"tag-halsa","10":"tag-health","11":"tag-samhalle","12":"tag-se","13":"tag-svenska","14":"tag-sverige","15":"tag-sweden","16":"tag-swedish"},"share_on_mastodon":{"url":"https:\/\/pubeurope.com\/@se\/115577798370207600","error":""},"_links":{"self":[{"href":"https:\/\/www.europesays.com\/se\/wp-json\/wp\/v2\/posts\/85081","targetHints":{"allow":["GET"]}}],"collection":[{"href":"https:\/\/www.europesays.com\/se\/wp-json\/wp\/v2\/posts"}],"about":[{"href":"https:\/\/www.europesays.com\/se\/wp-json\/wp\/v2\/types\/post"}],"author":[{"embeddable":true,"href":"https:\/\/www.europesays.com\/se\/wp-json\/wp\/v2\/users\/2"}],"replies":[{"embeddable":true,"href":"https:\/\/www.europesays.com\/se\/wp-json\/wp\/v2\/comments?post=85081"}],"version-history":[{"count":0,"href":"https:\/\/www.europesays.com\/se\/wp-json\/wp\/v2\/posts\/85081\/revisions"}],"wp:featuredmedia":[{"embeddable":true,"href":"https:\/\/www.europesays.com\/se\/wp-json\/wp\/v2\/media\/85082"}],"wp:attachment":[{"href":"https:\/\/www.europesays.com\/se\/wp-json\/wp\/v2\/media?parent=85081"}],"wp:term":[{"taxonomy":"category","embeddable":true,"href":"https:\/\/www.europesays.com\/se\/wp-json\/wp\/v2\/categories?post=85081"},{"taxonomy":"post_tag","embeddable":true,"href":"https:\/\/www.europesays.com\/se\/wp-json\/wp\/v2\/tags?post=85081"}],"curies":[{"name":"wp","href":"https:\/\/api.w.org\/{rel}","templated":true}]}}