{"id":85090,"date":"2025-11-19T18:52:15","date_gmt":"2025-11-19T18:52:15","guid":{"rendered":"https:\/\/www.europesays.com\/se\/85090\/"},"modified":"2025-11-19T18:52:15","modified_gmt":"2025-11-19T18:52:15","slug":"avslojar-tararna-i-samtalet-med-magdalena-eriksson-jattejobbigt-landslaget","status":"publish","type":"post","link":"https:\/\/www.europesays.com\/se\/85090\/","title":{"rendered":"Avsl\u00f6jar t\u00e5rarna i samtalet med Magdalena Eriksson: \u201dJ\u00e4ttejobbigt\u201d | Landslaget"},"content":{"rendered":"<p>Publicerad 19 nov 2025 kl 14.14Uppdaterad kl 16.30<\/p>\n<p>Magdalena Eriksson avslutade landslagskarri\u00e4ren och f\u00f6rv\u00e5nade m\u00e5nga.<\/p>\n<p>Kroppen satte stopp.<\/p>\n<p>\u2013 Hon har aldrig varken klagat eller sagt n\u00e5got om det, s\u00e4ger Marika Domanski Lyfors.<\/p>\n<p><img loading=\"lazy\"   alt=\"\"\/><\/p>\n<p>Tony Gustavsson.<\/p>\n<p>Foto: NISSE NILSSON \/ STELLA PICTURES<\/p>\n<p>\u00d6ppna bild i helsk\u00e4rm<img loading=\"lazy\"   alt=\"\"\/><\/p>\n<p>Magdalena Eriksson.<\/p>\n<p>Foto: LUDVIG THUNMAN \/ BILDBYR\u00c5N<\/p>\n<p>\u00d6ppna bild i helsk\u00e4rm<\/p>\n<p><a href=\"https:\/\/www.expressen.se\/sport\/fotboll\/landslaget\/magdalena-eriksson-slutar-i-landslaget-\/\" rel=\"nofollow noopener\" target=\"_blank\">I s\u00f6ndags meddelade<\/a> Magdalena Eriksson att hon slutar i landslaget, f\u00f6r att prioritera sin egen h\u00e4lsa.<\/p>\n<p>\u2013 Det \u00e4r verkligen ett beslut jag \u00f6nskar att jag inte beh\u00f6vt ta, men p\u00e5 grund av hur min kropp m\u00e5r nu f\u00f6r tiden \u00e4r det ett beslut som jag k\u00e4nner att jag m\u00e5ste ta, sade hon d\u00e5.<\/p>\n<p>Tony Gustavsson blev k\u00e4nslosam n\u00e4r han tog emot beskedet fr\u00e5n Eriksson.<\/p>\n<p>\u2013 Jag ska erk\u00e4nna att det var en del t\u00e5rar i samtalet. Jag tyckte att det var j\u00e4ttejobbigt. Inte minst f\u00f6r Magda sj\u00e4lv och f\u00f6r hennes lagkamrater och f\u00f6r landslaget, s\u00e4ger han.<\/p>\n<p>\u2013 Jag vill inte g\u00e5 in p\u00e5 detalj vad vi pratade om, av respekt f\u00f6r individen. Men jag ska erk\u00e4nna att man som tr\u00e4nare f\u00f6rs\u00f6ker man ofta h\u00e5lla den professionella fasaden. Men ibland \u00e4r man bara m\u00e4nniska och jag ska erk\u00e4nna att jag f\u00e4llde en t\u00e5r.<\/p>\n<p><img loading=\"lazy\"   alt=\"\"\/><\/p>\n<p>Marika Domanski Lyfors.<\/p>\n<p>Foto: JONATHAN N\u00c4CKSTRAND \/ BILDBYR\u00c5N<\/p>\n<p>\u00d6ppna bild i helsk\u00e4rmInte ber\u00e4ttat om problemen: \u201dAldrig klagat\u201d<\/p>\n<p>Marika Domanski Lyfors, tidigare landslagschef och numera senior advisor, blev f\u00f6rv\u00e5nad.<\/p>\n<p>\u2013 Hon ringde mig och ber\u00e4ttade. Jag blev v\u00e4ldigt ledsen f\u00f6rst\u00e5s f\u00f6r jag tycker hon \u00e4r en fantastisk fotbollsspelare och \u00e4r en spelare som betyder j\u00e4ttemycket f\u00f6r laget, s\u00e4ger hon och forts\u00e4tter.<\/p>\n<p>\u2013 Men samtidigt har jag all f\u00f6rst\u00e5else f\u00f6r hennes beslut. Hon har slitit h\u00e5rt de h\u00e4r \u00e5ren och haft en del skador, kommit tillbaka&#8230; Till slut m\u00e5ste kroppen \u00e5terh\u00e4mta sig.<\/p>\n<p><strong>Har vi utifr\u00e5n f\u00e5tt inblick i hur tufft hon faktiskt haft det?<\/strong><\/p>\n<p>\u2013 Nej, det tror jag inte. F\u00f6r hon har en integritet som \u00e4r v\u00e4ldigt bra tycker jag. S\u00e5 det har ju h\u00e4nt att hon haft sina skavanker men hon har aldrig varken klagat eller sagt n\u00e5got om det egentligen. Hon har k\u00e4mpat p\u00e5 och rehabat och gjort sig spelbar.<\/p>\n<p>\u2013 Det h\u00e5ller ett tag, men till slut s\u00e4ger kroppen att det blir f\u00f6r tungt om man inte kan \u00e5terh\u00e4mta sig.<\/p>\n<p>Magdalena Eriksson kommer saknas p\u00e5 och utanf\u00f6r planen, menar Tony Gustavsson.<\/p>\n<p>\u2013 Den stora delen \u00e4r hennes karakt\u00e4r, och hennes ledaregenskaper och f\u00f6rm\u00e5ga att g\u00f6ra andra bra. \u00c4r det n\u00e5gon som har burit landslagstr\u00f6jan med stolthet, b\u00e5de p\u00e5 match och tr\u00e4ning \u00e4r det Magda. Vi kan inte f\u00f6rv\u00e4nta oss att en ung spelare kan kliva in och ta \u00f6ver p\u00e5 en g\u00e5ng, utan nu f\u00e5r vi v\u00e4xla in n\u00e5gra av de andra erfarna spelarna f\u00f6r att successivt slussa in n\u00e5gra av de h\u00e4r yngre spelarna, s\u00e4ger f\u00f6rbundskaptenen.<\/p>\n","protected":false},"excerpt":{"rendered":"Publicerad 19 nov 2025 kl 14.14Uppdaterad kl 16.30 Magdalena Eriksson avslutade landslagskarri\u00e4ren och f\u00f6rv\u00e5nade m\u00e5nga. Kroppen satte stopp.&hellip;\n","protected":false},"author":2,"featured_media":85091,"comment_status":"","ping_status":"","sticky":false,"template":"","format":"standard","meta":{"footnotes":""},"categories":[5],"tags":[22,23,26,27,17,21,24,25,28,29,15,16,18,34,129,146,31,33,32,30,19,20],"class_list":{"0":"post-85090","1":"post","2":"type-post","3":"status-publish","4":"format-standard","5":"has-post-thumbnail","7":"category-rubriker","8":"tag-breaking-news","9":"tag-breakingnews","10":"tag-featured-news","11":"tag-featurednews","12":"tag-headlines","13":"tag-huvudnyheter","14":"tag-latest-news","15":"tag-latestnews","16":"tag-main-news","17":"tag-mainnews","18":"tag-news","19":"tag-nyheter","20":"tag-rubriker","21":"tag-se","22":"tag-sections-fotboll","23":"tag-sections-landslaget","24":"tag-svenska","25":"tag-sverige","26":"tag-sweden","27":"tag-swedish","28":"tag-top-stories","29":"tag-topstories"},"share_on_mastodon":{"url":"https:\/\/pubeurope.com\/@se\/115577876860120917","error":""},"_links":{"self":[{"href":"https:\/\/www.europesays.com\/se\/wp-json\/wp\/v2\/posts\/85090","targetHints":{"allow":["GET"]}}],"collection":[{"href":"https:\/\/www.europesays.com\/se\/wp-json\/wp\/v2\/posts"}],"about":[{"href":"https:\/\/www.europesays.com\/se\/wp-json\/wp\/v2\/types\/post"}],"author":[{"embeddable":true,"href":"https:\/\/www.europesays.com\/se\/wp-json\/wp\/v2\/users\/2"}],"replies":[{"embeddable":true,"href":"https:\/\/www.europesays.com\/se\/wp-json\/wp\/v2\/comments?post=85090"}],"version-history":[{"count":0,"href":"https:\/\/www.europesays.com\/se\/wp-json\/wp\/v2\/posts\/85090\/revisions"}],"wp:featuredmedia":[{"embeddable":true,"href":"https:\/\/www.europesays.com\/se\/wp-json\/wp\/v2\/media\/85091"}],"wp:attachment":[{"href":"https:\/\/www.europesays.com\/se\/wp-json\/wp\/v2\/media?parent=85090"}],"wp:term":[{"taxonomy":"category","embeddable":true,"href":"https:\/\/www.europesays.com\/se\/wp-json\/wp\/v2\/categories?post=85090"},{"taxonomy":"post_tag","embeddable":true,"href":"https:\/\/www.europesays.com\/se\/wp-json\/wp\/v2\/tags?post=85090"}],"curies":[{"name":"wp","href":"https:\/\/api.w.org\/{rel}","templated":true}]}}