{"id":85096,"date":"2025-11-19T19:08:30","date_gmt":"2025-11-19T19:08:30","guid":{"rendered":"https:\/\/www.europesays.com\/se\/85096\/"},"modified":"2025-11-19T19:08:30","modified_gmt":"2025-11-19T19:08:30","slug":"centerpartiets-partisekreterare-karin-ernlund-avgar-hervieu-tar-over","status":"publish","type":"post","link":"https:\/\/www.europesays.com\/se\/85096\/","title":{"rendered":"Centerpartiets partisekreterare Karin Ernlund avg\u00e5r \u2013 Hervieu tar \u00f6ver"},"content":{"rendered":"<p>Publicerad 19 nov 2025 kl 09.37Uppdaterad kl 13.38<\/p>\n<p>Hannes Hervieu, 36, tar \u00f6ver som partisekreterare f\u00f6r Centerpartiet, som Expressen kunde avsl\u00f6ja.<\/p>\n<p>Han \u00e5terkom till politiken nyligen \u2013 och har tidigare varit bland annat st\u00e5uppkomiker.<\/p>\n<p>\u2013 Hannes har en l\u00e5ng erfarenhet av s\u00e5 v\u00e4l centerr\u00f6relsen som n\u00e4ringslivet, s\u00e4ger Elisabeth Thand Ringqvist.\u00a0<\/p>\n<p>Senaste nyhetsklippen fr\u00e5n Expressen.<img   alt=\"\"\/><\/p>\n<p>Karin Ernlund.<\/p>\n<p>Foto: Henrik Juhlin<\/p>\n<p>\u00d6ppna bild i helsk\u00e4rm<img loading=\"lazy\"   alt=\"\"\/><\/p>\n<p>Hannes Hervieu blir ny partisekreterare f\u00f6r Centerpartiet, erfar Expressen.<\/p>\n<p>Foto: Naina Helen J\u00e5ma\/TT \/ TT NYHETSBYR\u00c5N<\/p>\n<p>\u00d6ppna bild i helsk\u00e4rmArtikeln i korthet<\/p>\n<p> Hannes Hervieu, tidigare stabschef hos Anna-Karin Hatt, f\u00e5r en ny roll.<\/p>\n<p> Han tar \u00f6ver som partisekreterare efter Karin Ernlund och kommer han ansvaret f\u00f6r partiets organisation.<\/p>\n<p> I rollen kommer han att jobba n\u00e4ra den nyvalda partiledaren Elisabeth Thand Ringqvist.<\/p>\n<p>Visa mer<\/p>\n<p>Den g\u00e5ngna helgen valdes Elisabeth Thand Ringqvist till <a href=\"https:\/\/www.expressen.se\/nyheter\/politik\/elisabeth-thand-ringqvist-ny-partiledare-for-centerpartiet\/\" rel=\"nofollow noopener\" target=\"_blank\">ny partiledare f\u00f6r Centerpartiet<\/a>.\u00a0<\/p>\n<p>P\u00e5 onsdagsmorgonen uppgav k\u00e4llor f\u00f6r Expressen att hon nu stuvar om i ledningen f\u00f6r partiet och att det bland annat inneb\u00e4r att Karin Ernlund, som varit partisekreterare sedan 2023, l\u00e4mnar sin post.<\/p>\n<p>Vilket Ernlund senare bekr\u00e4ftade p\u00e5 Facebook.\u00a0<\/p>\n<p>\u00c4ven den bitr\u00e4dande partisekreteraren Gunnar Caperius slutar. \u00a0Han b\u00f6rjar ett nytt jobb som f\u00f6rbundsdirekt\u00f6r p\u00e5 V\u00e5rdf\u00f6retagarna.<\/p>\n<p>Hannes Hervieus vision<\/p>\n<p>P\u00e5 onsdagen kunde Expressen ocks\u00e5 avsl\u00f6ja att Hannes Hervieu, 36, tar \u00f6ver efter Ernlund.\u00a0<\/p>\n<p>Han har en l\u00e5ng erfarenhet fr\u00e5n olika roller i <a href=\"https:\/\/www.expressen.se\/tagg\/organization\/centerpartiet\/\" class=\"\" rel=\"nofollow noopener\" target=\"_blank\">Centerpartiet<\/a>, bland annat som Annie L\u00f6\u00f6fs presschef och Anna-Karin Hatts stabschef, samt som ordf\u00f6rande f\u00f6r C-studenter.<\/p>\n<p>I sitt nya uppdrag f\u00e5r han huvudansvaret f\u00f6r C:s organisation och sj\u00e4lv s\u00e4ger han att han vill f\u00e5 partiet att v\u00e4xa och att g\u00f6ra steget in i politiken f\u00f6r m\u00e4nniskor enklare. Bland annat vill han att personer med erfarenheter fr\u00e5n andra verksamheter snabbare ska kunna komma in och bidra.\u00a0<\/p>\n<p>\u2013 Centerpartiet ska vara det partiet som ligger n\u00e4rmast m\u00e4nniskor i deras vardag, s\u00e4ger Hannes Hervieu.\u00a0<\/p>\n<p>Centerpartiet ska b\u00f6rja med det viktigaste f\u00f6rst och fokusera p\u00e5 resultatet, menar Hervieu och h\u00e4nvisar till att han \u00e4r vad vid det fr\u00e5n n\u00e4ringslivet. Men n\u00e5got siffersatt m\u00e5l f\u00f6r hur mycket C ska v\u00e4xa har han inte spikat.<\/p>\n<p>F\u00e5r han som han vill ska C bli det parti som tror mest p\u00e5 framtiden och fungerar som en folkr\u00f6relse.\u00a0<\/p>\n<p>Om han kan t\u00e4nka sig ett samarbete med V vill han inte s\u00e4ga. I st\u00e4llet s\u00e4ger han bara att det enbart \u00e4r \u201dV\u00e4nsterpartiet som pratar om att de ska vara i regering\u201d.\u00a0<\/p>\n<p>\u2013 Det som \u00e4r v\u00e5rt fokus \u00e4r att bygga ett Centerparti som vill visa att vi vill samarbeta med andra. Elisabeth bj\u00f6d in Ulf Kristersson och Magdalena Andersson till m\u00f6ten f\u00f6r att f\u00f6rdjupa f\u00f6rst\u00e5elsen mellan varandra och men ocks\u00e5 kring viktiga samh\u00e4llsproblem.\u00a0<\/p>\n<p>Att C st\u00e4ngt d\u00f6rren till SD \u00e4r han dock tydlig med.<\/p>\n<p>Varit komiker<\/p>\n<p>Hannes Hervieu plockades tillbaka till politiken efter sex \u00e5r inom n\u00e4ringslivet av Anna-Karin Hatt, som avgick den g\u00e5ngna helgen efter bara sex m\u00e5nader som partiledare.<\/p>\n<p>Annons<\/p>\n<p>Han har ocks\u00e5 en bakgrund som st\u00e5uppkomiker.<\/p>\n<p><strong>Hur kommer det att m\u00e4rkas att du har en bakgrund som komiker?<\/strong><\/p>\n<p>\u2013 Genom att mina pressekreterare kommer att bli s\u00e5 himla stressade ibland n\u00e4r jag g\u00f6r intervjuer f\u00f6r att jag s\u00e4ger n\u00e5got dumt. Nej, sk\u00e4mt \u00e5sido, det d\u00e4r landade inte v\u00e4l, k\u00e4nde jag. Nej men seri\u00f6st s\u00e5 tror jag s\u00e5 klart att politik kan vara l\u00e4tt att ta till sig utan att f\u00f6r den delen bli oseri\u00f6s.<\/p>\n<p>Stabschef blir m\u00e5ng\u00e5rige riksdagsledamoten Jonny Cato, talesperson i fr\u00e5gor som r\u00f6r arbetsmarknad och migration. Han l\u00e4mnar d\u00e4rmed sin roll i riksdagen.\u00a0<\/p>\n<p>Tas emot med gl\u00e4dje<\/p>\n<p>Att Hannes Hervieu nu f\u00e5r en ny tyngre roll i partiet m\u00f6ts med gl\u00e4dje fr\u00e5n flera h\u00e5ll inom C.\u00a0<\/p>\n<p>Emelie Nyman, som \u00e4r ordf\u00f6rande f\u00f6r ungdomsf\u00f6rbundet Cuf, s\u00e4ger:<\/p>\n<p>\u2013\u00a0Jag \u00e4r mycket glad att Hannes har valts till partisekreterare. Han \u00e4r en skarp strateg som f\u00f6rst\u00e5r att ett starkt parti beh\u00f6ver ett starkt ungdomsf\u00f6rbund. Jag ser fram emot v\u00e5rt samarbete.<\/p>\n<p>Och Rasmus Elfstr\u00f6m, som leder C-studenter d\u00e4r Hervieu sj\u00e4lv har en bakgrund, s\u00e4ger att det \u201dk\u00e4nns riktigt bra och som ett sj\u00e4lvklart val\u201d.<\/p>\n<p>\u2013\u00a0Hannes kommer kunna komma i g\u00e5ng dag ett och det ska bli ett stort n\u00f6je att f\u00e5 jobba tillsammans med honom. Sen \u00e4r det ju s\u00e5 klart lite extra kul att han \u00e4r tidigare ordf\u00f6rande f\u00f6r Centerstudenter.<\/p>\n","protected":false},"excerpt":{"rendered":"Publicerad 19 nov 2025 kl 09.37Uppdaterad kl 13.38 Hannes Hervieu, 36, tar \u00f6ver som partisekreterare f\u00f6r Centerpartiet, som&hellip;\n","protected":false},"author":2,"featured_media":85097,"comment_status":"","ping_status":"","sticky":false,"template":"","format":"standard","meta":{"footnotes":""},"categories":[5],"tags":[22,23,26,27,17,21,24,25,28,29,15,16,1353,5708,8854,8853,18,34,583,31,33,32,30,19,20],"class_list":{"0":"post-85096","1":"post","2":"type-post","3":"status-publish","4":"format-standard","5":"has-post-thumbnail","7":"category-rubriker","8":"tag-breaking-news","9":"tag-breakingnews","10":"tag-featured-news","11":"tag-featurednews","12":"tag-headlines","13":"tag-huvudnyheter","14":"tag-latest-news","15":"tag-latestnews","16":"tag-main-news","17":"tag-mainnews","18":"tag-news","19":"tag-nyheter","20":"tag-organization-centerpartiet","21":"tag-person-elisabeth-thand-ringqvist","22":"tag-person-hannes-hervieu","23":"tag-person-karin-ernlund","24":"tag-rubriker","25":"tag-se","26":"tag-sections-politik","27":"tag-svenska","28":"tag-sverige","29":"tag-sweden","30":"tag-swedish","31":"tag-top-stories","32":"tag-topstories"},"share_on_mastodon":{"url":"https:\/\/pubeurope.com\/@se\/115577939818095172","error":""},"_links":{"self":[{"href":"https:\/\/www.europesays.com\/se\/wp-json\/wp\/v2\/posts\/85096","targetHints":{"allow":["GET"]}}],"collection":[{"href":"https:\/\/www.europesays.com\/se\/wp-json\/wp\/v2\/posts"}],"about":[{"href":"https:\/\/www.europesays.com\/se\/wp-json\/wp\/v2\/types\/post"}],"author":[{"embeddable":true,"href":"https:\/\/www.europesays.com\/se\/wp-json\/wp\/v2\/users\/2"}],"replies":[{"embeddable":true,"href":"https:\/\/www.europesays.com\/se\/wp-json\/wp\/v2\/comments?post=85096"}],"version-history":[{"count":0,"href":"https:\/\/www.europesays.com\/se\/wp-json\/wp\/v2\/posts\/85096\/revisions"}],"wp:featuredmedia":[{"embeddable":true,"href":"https:\/\/www.europesays.com\/se\/wp-json\/wp\/v2\/media\/85097"}],"wp:attachment":[{"href":"https:\/\/www.europesays.com\/se\/wp-json\/wp\/v2\/media?parent=85096"}],"wp:term":[{"taxonomy":"category","embeddable":true,"href":"https:\/\/www.europesays.com\/se\/wp-json\/wp\/v2\/categories?post=85096"},{"taxonomy":"post_tag","embeddable":true,"href":"https:\/\/www.europesays.com\/se\/wp-json\/wp\/v2\/tags?post=85096"}],"curies":[{"name":"wp","href":"https:\/\/api.w.org\/{rel}","templated":true}]}}