{"id":85190,"date":"2025-11-19T21:39:20","date_gmt":"2025-11-19T21:39:20","guid":{"rendered":"https:\/\/www.europesays.com\/se\/85190\/"},"modified":"2025-11-19T21:39:20","modified_gmt":"2025-11-19T21:39:20","slug":"gps-kravet-under-vargjakten-slopas-i-vastra-gotaland","status":"publish","type":"post","link":"https:\/\/www.europesays.com\/se\/85190\/","title":{"rendered":"Gps-kravet under vargjakten slopas i V\u00e4stra G\u00f6taland"},"content":{"rendered":"<p>                    <a data-lightbox=\"post-96499\" href=\"https:\/\/www.jaktojagare.se\/wp-content\/uploads\/2025\/11\/varg-2.jpg\" data-title=\"Foto: Mostphotos&lt;br\/&gt;L\u00e4nsstyrelsen i V\u00e4stra G\u00f6taland anser efter en ny utredning att det inte finns lagst\u00f6d f\u00f6r gps-\u00f6vervakning av j\u00e4garna under licensjakten p\u00e5 varg.\" rel=\"nofollow noopener\" target=\"_blank\"><br \/>\n                        <img width=\"1280\" height=\"720\" src=\"https:\/\/www.europesays.com\/se\/wp-content\/uploads\/2025\/11\/varg-2-1280x720.jpg\" class=\"attachment-large size-large\" alt=\"\" decoding=\"async\" fetchpriority=\"high\"   itemprop=\"image\"\/>                    <\/a><\/p>\n<p>\n                        Foto: Mostphotos<br \/>\n                        L\u00e4nsstyrelsen i V\u00e4stra G\u00f6taland anser efter en ny utredning att det inte finns lagst\u00f6d f\u00f6r gps-\u00f6vervakning av j\u00e4garna under licensjakten p\u00e5 varg.\n                    <\/p>\n<p>Uppdaterad 2025-11-19 16:22Publicerad 2025-11-19 15:17<\/p>\n<p>L\u00e4nsstyrelsen i V\u00e4stra G\u00f6taland har justerat sitt beslut om licensjakt p\u00e5 varg och slopat kravet p\u00e5 gps-dokumentation. \u201dVi f\u00f6rst\u00e5r att det kan upplevas som integritetskr\u00e4nkande\u201d, skriver myndigheten.<\/p>\n<p>St\u00f6d J\u00e4garnas Riksf\u00f6rbund och Jakt &amp; J\u00e4gare. <a href=\"https:\/\/www.jagarnasriksforbund.se\/medlem\/bli-medlem\/\" rel=\"nofollow noopener\" target=\"_blank\">Bli medlem redan i dag.<\/a><\/p>\n<p>Ett av villkoren i samtliga beslut om licensjakt p\u00e5 varg i vinter \u00e4r att j\u00e4gare ska ha med sig n\u00e5gon form av gps-sp\u00e5rare, f\u00f6r att kunna visa f\u00f6r l\u00e4nsstyrelsens personal hur de har r\u00f6rt sig under jakten. Om s\u00e5dan dokumentation inte finns ska \u00e4rendet direkt \u00f6verl\u00e4mnas till Polisen f\u00f6r utredning.<\/p>\n<p>Det har f\u00e5tt inte minst <a href=\"https:\/\/www.jagarnasriksforbund.se\/nyheter\/lansstyrelsens-teknikkrav-riskerar-kriminalisera-jagarna-jrf-avrader-fran-vargjakten-2026\/\" target=\"_blank\" rel=\"noopener nofollow\">J\u00e4garnas Riksf\u00f6rbund, JRF, att g\u00e5 i taket<\/a> och avr\u00e5da j\u00e4gare fr\u00e5n att delta i vargjakten, d\u00e5 kravet riskerar att kriminalisera dem.<\/p>\n<p>Har f\u00e5tt \u00e5terkoppling<\/p>\n<p>Men i dag har l\u00e4nsstyrelsen i V\u00e4stra G\u00f6taland justerat sitt beslut om licensjakt p\u00e5 sex vargar i reviret Klyftamon just vad g\u00e4ller kravet p\u00e5 gps-dokumentation. \u201dVi f\u00f6rst\u00e5r att det kan upplevas som integritetskr\u00e4nkande\u201d, skriver l\u00e4nsstyrelsen.<\/p>\n<p>\u2013 Vi har f\u00e5tt en hel del \u00e5terkoppling p\u00e5 just det villkoret i beslutet. D\u00e4rf\u00f6r gjorde vi en extra utredning av vilket lagst\u00f6d det finns. F\u00f6r V\u00e4stra G\u00f6talands del har vi nu justerat villkoret om gps, vilket inneb\u00e4r att det inte g\u00e4ller h\u00e4r, s\u00e4ger Eva Olsen, avdelningschef p\u00e5 Natur- och vattenavdelningen.<\/p>\n<p>Hon till\u00e4gger att hon tycker att det \u00e4r bra med reaktioner och att l\u00e4nsstyrelsen beh\u00f6ver lyssna p\u00e5 dem.<\/p>\n<p>Ville f\u00f6rhindra jakt fr\u00e5n fordon<\/p>\n<p>Avsikten med villkoret var att f\u00f6rhindra otill\u00e5ten jakt fr\u00e5n fordon.<\/p>\n<p>\u2013 Vi har sett att det i ett annat l\u00e4n f\u00f6rekom n\u00e5got enstaka fall f\u00f6rra vintern, men det gick inte att h\u00e5lla n\u00e5gon person ansvarig f\u00f6r det. Samtidigt vill jag po\u00e4ngtera att det fungerade v\u00e4ldigt v\u00e4l hos oss f\u00f6rra \u00e5ret. Den stora massan sk\u00f6ter det v\u00e4ldigt bra, s\u00e4ger Eva Olsen och forts\u00e4tter:<\/p>\n<p>\u2013 H\u00e4r f\u00e5r vi se \u00f6ver vilka andra m\u00f6jligheter vi har att jobba med tillsyn, f\u00f6rebygga oseri\u00f6s jakt och fr\u00e4mja en god regelefterlevnad.<\/p>\n<p>En sn\u00e4vare tolkning<\/p>\n<p>Eva Olsen ber\u00e4ttar f\u00f6r Jakt &amp; J\u00e4gare att samverkan mellan l\u00e4nen kring licensjaktsbesluten har varit omfattande och att jurister har varit inblandade.<\/p>\n<p>L\u00e4nsstyrelsen i V\u00e4stra G\u00f6taland har nu gjort en f\u00f6rnyad utredning och kommit fram till en annan och sn\u00e4vare tolkning av vad det finns lagst\u00f6d f\u00f6r.<\/p>\n<p>\u2013 Jag kan dock inte garantera att de andra l\u00e4nsstyrelserna har valt att tolka lagen p\u00e5 samma s\u00e4tt som vi, s\u00e4ger Eva Olsen.<\/p>\n<p>Och \u00e4n \u00e4r det i alla fall ingen av dem \u2013 det vill s\u00e4ga l\u00e4nsstyrelserna i \u00d6rebro l\u00e4n, Dalarna, V\u00e4stmanland och S\u00f6dermanland \u2013 som har meddelat att \u00e4ven de slopar gps-kravet.<\/p>\n","protected":false},"excerpt":{"rendered":"Foto: Mostphotos L\u00e4nsstyrelsen i V\u00e4stra G\u00f6taland anser efter en ny utredning att det inte finns lagst\u00f6d f\u00f6r gps-\u00f6vervakning&hellip;\n","protected":false},"author":2,"featured_media":85191,"comment_status":"","ping_status":"","sticky":false,"template":"","format":"standard","meta":{"footnotes":""},"categories":[12],"tags":[22,23,26,27,17,21,24,25,28,29,15,16,18,34,31,33,32,30,19,20],"class_list":{"0":"post-85190","1":"post","2":"type-post","3":"status-publish","4":"format-standard","5":"has-post-thumbnail","7":"category-sverige","8":"tag-breaking-news","9":"tag-breakingnews","10":"tag-featured-news","11":"tag-featurednews","12":"tag-headlines","13":"tag-huvudnyheter","14":"tag-latest-news","15":"tag-latestnews","16":"tag-main-news","17":"tag-mainnews","18":"tag-news","19":"tag-nyheter","20":"tag-rubriker","21":"tag-se","22":"tag-svenska","23":"tag-sverige","24":"tag-sweden","25":"tag-swedish","26":"tag-top-stories","27":"tag-topstories"},"share_on_mastodon":{"url":"https:\/\/pubeurope.com\/@se\/115578533669767691","error":""},"_links":{"self":[{"href":"https:\/\/www.europesays.com\/se\/wp-json\/wp\/v2\/posts\/85190","targetHints":{"allow":["GET"]}}],"collection":[{"href":"https:\/\/www.europesays.com\/se\/wp-json\/wp\/v2\/posts"}],"about":[{"href":"https:\/\/www.europesays.com\/se\/wp-json\/wp\/v2\/types\/post"}],"author":[{"embeddable":true,"href":"https:\/\/www.europesays.com\/se\/wp-json\/wp\/v2\/users\/2"}],"replies":[{"embeddable":true,"href":"https:\/\/www.europesays.com\/se\/wp-json\/wp\/v2\/comments?post=85190"}],"version-history":[{"count":0,"href":"https:\/\/www.europesays.com\/se\/wp-json\/wp\/v2\/posts\/85190\/revisions"}],"wp:featuredmedia":[{"embeddable":true,"href":"https:\/\/www.europesays.com\/se\/wp-json\/wp\/v2\/media\/85191"}],"wp:attachment":[{"href":"https:\/\/www.europesays.com\/se\/wp-json\/wp\/v2\/media?parent=85190"}],"wp:term":[{"taxonomy":"category","embeddable":true,"href":"https:\/\/www.europesays.com\/se\/wp-json\/wp\/v2\/categories?post=85190"},{"taxonomy":"post_tag","embeddable":true,"href":"https:\/\/www.europesays.com\/se\/wp-json\/wp\/v2\/tags?post=85190"}],"curies":[{"name":"wp","href":"https:\/\/api.w.org\/{rel}","templated":true}]}}