{"id":85217,"date":"2025-11-19T23:11:09","date_gmt":"2025-11-19T23:11:09","guid":{"rendered":"https:\/\/www.europesays.com\/se\/85217\/"},"modified":"2025-11-19T23:11:09","modified_gmt":"2025-11-19T23:11:09","slug":"ar-den-injektionen-borsen-behovde","status":"publish","type":"post","link":"https:\/\/www.europesays.com\/se\/85217\/","title":{"rendered":"\u201d\u00c4r den injektionen b\u00f6rsen beh\u00f6vde\u201d"},"content":{"rendered":"<p>Investerare och bed\u00f6mare andas ut efter att chipj\u00e4tten Nvidia slagit f\u00f6rv\u00e4ntningarna i kv\u00e4llens kvartalsrapport.<\/p>\n<p>\u201dEn fulltr\u00e4ff fr\u00e5n Nvidia. Det g\u00f6r att investerare kan andas ut och k\u00e4nna att v\u00e4rderingarna kanske inte \u00e4r s\u00e5 \u00f6verdrivna som man varit orolig f\u00f6r\u201d, skriver Sam Stovall, investeringschef p\u00e5 CFRA, till Wall Street Journal. <\/p>\n<p>David Trainer, vd p\u00e5 analysbolaget New Constructs, \u00e4r inne p\u00e5 samma sp\u00e5r. <\/p>\n<p>\u201dDet h\u00e4r \u00e4r den injektion b\u00f6rsen beh\u00f6vde. Den enda varning jag skulle ge \u00e4r att dessa goda nyheter redan \u00e4r mer \u00e4n v\u00e4l inprisade\u201d, skriver han.<\/p>\n<p>\u00c4ven svenska bed\u00f6mare \u00e4r l\u00e4ttade. <\/p>\n<p>\u201dBorde ge positivt lyft f\u00f6r Stockholmsb\u00f6rsen n\u00e4r den \u00f6ppnar kl 9 i morgon bitti. Suck av l\u00e4ttnad \u00e4ven fr\u00e5n en optimist\u201d, skriver Robert Bergqvist fr\u00e5n SEB p\u00e5 X. <\/p>\n<p>Nvidias Q3<\/p>\n<p>Oms\u00e4ttning: 57,0 mdr usd<br \/>V\u00e4ntat (Factset): 54,8 mdr usd<br \/>2024: 35,1 mdr usd<\/p>\n<p>Oms\u00e4ttning datacenter: 51,2 mdr usd<br \/>V\u00e4ntat (Factset): 48,8 mdr usd<br \/>2024: 30,8 mdr usd<\/p>\n<p>Resultat per aktie: 1,30 usd<br \/>V\u00e4ntat (Factset): 1,25 usd<br \/>2024: 0,81 usd<\/p>\n<p>Prognos int\u00e4kter Q4: 63,7\u201366,3 mdr usd<br \/>V\u00e4ntat (Factset): 61,4 mdr usd<\/p>\n<p>Omni \u00e4r politiskt obundna och oberoende. Vi str\u00e4var efter att ge fler perspektiv p\u00e5 nyheterna. Har du fr\u00e5gor eller synpunkter kring v\u00e5r rapportering? <a href=\"https:\/\/omni.se\/experter-andas-ut-ar-den-injektionen-borsen-behovde\/a\/mailto:redaktion@omni.se\" class=\"ArticleActions_contactLink__W2F1M\" rel=\"nofollow noopener\" target=\"_blank\">Kontakta redaktionen<\/a><\/p>\n","protected":false},"excerpt":{"rendered":"Investerare och bed\u00f6mare andas ut efter att chipj\u00e4tten Nvidia slagit f\u00f6rv\u00e4ntningarna i kv\u00e4llens kvartalsrapport. \u201dEn fulltr\u00e4ff fr\u00e5n Nvidia.&hellip;\n","protected":false},"author":2,"featured_media":85218,"comment_status":"","ping_status":"","sticky":false,"template":"","format":"standard","meta":{"footnotes":""},"categories":[5],"tags":[22,23,26,27,17,21,24,25,28,29,15,758,16,1326,18,34,31,33,32,30,19,20,398],"class_list":{"0":"post-85217","1":"post","2":"type-post","3":"status-publish","4":"format-standard","5":"has-post-thumbnail","7":"category-rubriker","8":"tag-breaking-news","9":"tag-breakingnews","10":"tag-featured-news","11":"tag-featurednews","12":"tag-headlines","13":"tag-huvudnyheter","14":"tag-latest-news","15":"tag-latestnews","16":"tag-main-news","17":"tag-mainnews","18":"tag-news","19":"tag-nvidia","20":"tag-nyheter","21":"tag-rapportsasongen","22":"tag-rubriker","23":"tag-se","24":"tag-svenska","25":"tag-sverige","26":"tag-sweden","27":"tag-swedish","28":"tag-top-stories","29":"tag-topstories","30":"tag-wall-street"},"share_on_mastodon":{"url":"https:\/\/pubeurope.com\/@se\/115578895316494324","error":""},"_links":{"self":[{"href":"https:\/\/www.europesays.com\/se\/wp-json\/wp\/v2\/posts\/85217","targetHints":{"allow":["GET"]}}],"collection":[{"href":"https:\/\/www.europesays.com\/se\/wp-json\/wp\/v2\/posts"}],"about":[{"href":"https:\/\/www.europesays.com\/se\/wp-json\/wp\/v2\/types\/post"}],"author":[{"embeddable":true,"href":"https:\/\/www.europesays.com\/se\/wp-json\/wp\/v2\/users\/2"}],"replies":[{"embeddable":true,"href":"https:\/\/www.europesays.com\/se\/wp-json\/wp\/v2\/comments?post=85217"}],"version-history":[{"count":0,"href":"https:\/\/www.europesays.com\/se\/wp-json\/wp\/v2\/posts\/85217\/revisions"}],"wp:featuredmedia":[{"embeddable":true,"href":"https:\/\/www.europesays.com\/se\/wp-json\/wp\/v2\/media\/85218"}],"wp:attachment":[{"href":"https:\/\/www.europesays.com\/se\/wp-json\/wp\/v2\/media?parent=85217"}],"wp:term":[{"taxonomy":"category","embeddable":true,"href":"https:\/\/www.europesays.com\/se\/wp-json\/wp\/v2\/categories?post=85217"},{"taxonomy":"post_tag","embeddable":true,"href":"https:\/\/www.europesays.com\/se\/wp-json\/wp\/v2\/tags?post=85217"}],"curies":[{"name":"wp","href":"https:\/\/api.w.org\/{rel}","templated":true}]}}