{"id":85321,"date":"2025-11-20T04:57:15","date_gmt":"2025-11-20T04:57:15","guid":{"rendered":"https:\/\/www.europesays.com\/se\/85321\/"},"modified":"2025-11-20T04:57:15","modified_gmt":"2025-11-20T04:57:15","slug":"80-lander-stottar-fardplan-for-utfasning-av-fossila-branslen","status":"publish","type":"post","link":"https:\/\/www.europesays.com\/se\/85321\/","title":{"rendered":"80 l\u00e4nder st\u00f6ttar f\u00e4rdplan f\u00f6r utfasning av fossila br\u00e4nslen"},"content":{"rendered":"<p>            <a href=\"https:\/\/tidningensyre.se\/sektion\/radar\/\" class=\"article__breadcrumb-link article__breadcrumb-link--magenta\" rel=\"nofollow noopener\" target=\"_blank\">Radar<\/a><br \/>\n             \u00b7 Milj\u00f6\ufeff<\/p>\n<p>\n            Publicerad 13 timmar sedan\n        <\/p>\n<p>\n                    Protest mot fossila br\u00e4nslen under klimatkonferensens f\u00f6rsta vecka. Foto: Fernando Llano\/AP\/TT\n            <\/p>\n<p class=\"article__sublead\">N\u00e4r COP30 g\u00e5r in p\u00e5 upploppet \u00f6kar trycket p\u00e5 att en f\u00e4rdplan som leder bort fr\u00e5n fossila br\u00e4nslen ing\u00e5r i slutdokumentet. \u00c5tminstone 80 l\u00e4nder st\u00f6ttar en s\u00e5dan plan, d\u00e4ribland EU och Sverige. <\/p>\n<p class=\"article__paragraph\">Mer \u00e4n 80 l\u00e4nder har uttalat sitt st\u00f6d f\u00f6r att slutdokumentet p\u00e5 COP30 \u2013 kallat \u201dMutir\u00e3o\u201d \u2013 ska inneh\u00e5lla ett \u00e5tagande om att utarbeta en plan f\u00f6r att fasa ut fossila br\u00e4nslen. Det bygger vidare p\u00e5 det avtal som COP28 i Dubai landade i, d\u00e4r det \u00e5rligen \u00e5terkommande klimatm\u00f6tet f\u00f6r f\u00f6rsta g\u00e5ngen flaggade f\u00f6r en global \u00f6verg\u00e5ng fr\u00e5n olja, kol och gas. <\/p>\n<p class=\"article__paragraph\">Bland l\u00e4nderna som st\u00e4ller sig bakom uppmaningen finns bland annat industrialiserade l\u00e4nder som Storbritannien och EU (med Sverige), liksom utvecklingsl\u00e4nder som Colombia och Kenya och \u00f6stater i Stilla havet.\u00a0V\u00e4rdlandet Brasilien har genom sin president redan vid upptakten till m\u00f6tet lyft fr\u00e5gan. <\/p>\n<p>\u201dInte r\u00e5d v\u00e4nta ut det\u201d<\/p>\n<p class=\"article__paragraph\">Enligt COP-veteranen Antonio Hill fr\u00e5n Natural resource governance institute \u00e4r det inte f\u00f6rv\u00e5nande att starka krav p\u00e5 en \u00f6verg\u00e5ngsplan kommer fr\u00e5n Brasilien och Colombia.<\/p>\n<p class=\"article__paragraph\">\u2013 De \u00e4r producenter med relativt h\u00f6ga kostnader [f\u00f6r olja och gas], de har relativt korta tidshorisonter n\u00e4r det g\u00e4ller sina reserver och de st\u00e5r inf\u00f6r en strukturell nedg\u00e5ng. De har faktiskt inte r\u00e5d att v\u00e4nta ut det, s\u00e4ger han till <a href=\"https:\/\/www.climatechangenews.com\/2025\/11\/18\/pressure-builds-for-fossil-fuel-transition-plan-at-cop30\/?utm_content=buffere7660&amp;utm_medium=social&amp;utm_source=twitter.com&amp;utm_campaign=buffer\" target=\"_blank\" rel=\"noopener nofollow\">Climate home news<\/a>.<\/p>\n<p>Oljestater obstruerar <\/p>\n<p class=\"article__paragraph\">Oljestater med Saudiarabien i spetsen v\u00e4ntas st\u00e5 f\u00f6r det starkaste motst\u00e5ndet mot en f\u00e4rdplan som inneh\u00e5ller \u00e5taganden f\u00f6r gr\u00f6n omst\u00e4llning. Kenya, som sitter p\u00e5 naturresurser anv\u00e4ndbara f\u00f6r just denna omst\u00e4llning, har st\u00e4llt sig bakom uppmaningen medan m\u00e5nga andra afrikanska l\u00e4nder fortfarande \u00e4r tveksamma. <\/p>\n<p class=\"article__paragraph\">African group of negotiators ordf\u00f6rande Richard Muyungi s\u00e4ger till Climate home news att Afrika som kontinent generellt sett \u00e4r \u201dminst ansvariga f\u00f6r [klimat]problemet\u201d och att kontinenten inte b\u00f6r tvingas in i en bana som hotar att undergr\u00e4va dess utveckling. <\/p>\n<p class=\"article__paragraph\">Ordf\u00f6randen f\u00f6r COP30, Corr\u00eaa do Lago, po\u00e4ngterar att utvecklade l\u00e4nder m\u00e5ste ta ledningen i omst\u00e4llningen. <\/p>\n<p>                    <script async src=\"https:\/\/platform.twitter.com\/widgets.js\" charset=\"utf-8\"><\/script><\/p>\n","protected":false},"excerpt":{"rendered":"Radar \u00b7 Milj\u00f6\ufeff Publicerad 13 timmar sedan Protest mot fossila br\u00e4nslen under klimatkonferensens f\u00f6rsta vecka. Foto: Fernando Llano\/AP\/TT&hellip;\n","protected":false},"author":2,"featured_media":85322,"comment_status":"","ping_status":"","sticky":false,"template":"","format":"standard","meta":{"footnotes":""},"categories":[5],"tags":[22,23,26,27,17,21,24,25,28,29,15,16,18,34,31,33,32,30,19,20],"class_list":{"0":"post-85321","1":"post","2":"type-post","3":"status-publish","4":"format-standard","5":"has-post-thumbnail","7":"category-rubriker","8":"tag-breaking-news","9":"tag-breakingnews","10":"tag-featured-news","11":"tag-featurednews","12":"tag-headlines","13":"tag-huvudnyheter","14":"tag-latest-news","15":"tag-latestnews","16":"tag-main-news","17":"tag-mainnews","18":"tag-news","19":"tag-nyheter","20":"tag-rubriker","21":"tag-se","22":"tag-svenska","23":"tag-sverige","24":"tag-sweden","25":"tag-swedish","26":"tag-top-stories","27":"tag-topstories"},"share_on_mastodon":{"url":"https:\/\/pubeurope.com\/@se\/115580255828682128","error":""},"_links":{"self":[{"href":"https:\/\/www.europesays.com\/se\/wp-json\/wp\/v2\/posts\/85321","targetHints":{"allow":["GET"]}}],"collection":[{"href":"https:\/\/www.europesays.com\/se\/wp-json\/wp\/v2\/posts"}],"about":[{"href":"https:\/\/www.europesays.com\/se\/wp-json\/wp\/v2\/types\/post"}],"author":[{"embeddable":true,"href":"https:\/\/www.europesays.com\/se\/wp-json\/wp\/v2\/users\/2"}],"replies":[{"embeddable":true,"href":"https:\/\/www.europesays.com\/se\/wp-json\/wp\/v2\/comments?post=85321"}],"version-history":[{"count":0,"href":"https:\/\/www.europesays.com\/se\/wp-json\/wp\/v2\/posts\/85321\/revisions"}],"wp:featuredmedia":[{"embeddable":true,"href":"https:\/\/www.europesays.com\/se\/wp-json\/wp\/v2\/media\/85322"}],"wp:attachment":[{"href":"https:\/\/www.europesays.com\/se\/wp-json\/wp\/v2\/media?parent=85321"}],"wp:term":[{"taxonomy":"category","embeddable":true,"href":"https:\/\/www.europesays.com\/se\/wp-json\/wp\/v2\/categories?post=85321"},{"taxonomy":"post_tag","embeddable":true,"href":"https:\/\/www.europesays.com\/se\/wp-json\/wp\/v2\/tags?post=85321"}],"curies":[{"name":"wp","href":"https:\/\/api.w.org\/{rel}","templated":true}]}}