{"id":85365,"date":"2025-11-20T06:03:26","date_gmt":"2025-11-20T06:03:26","guid":{"rendered":"https:\/\/www.europesays.com\/se\/85365\/"},"modified":"2025-11-20T06:03:26","modified_gmt":"2025-11-20T06:03:26","slug":"trump-och-mamdani-ska-traffas-i-vita-huset","status":"publish","type":"post","link":"https:\/\/www.europesays.com\/se\/85365\/","title":{"rendered":"Trump och Mamdani ska tr\u00e4ffas i Vita huset"},"content":{"rendered":"<p>USA:s president Donald Trump ska m\u00f6ta den nyvalde borgm\u00e4staren i New York City, Zohran Mamdani. Det skriver presidenten p\u00e5 sociala medier. <\/p>\n<p>P\u00e5 fredag kommer Mamdani att bes\u00f6ka Vita huset. Det sker efter att de b\u00e5da varit kritiska mot varandra i flera m\u00e5nader. Trump hotade bland annat med att dra in federalt bist\u00e5nd till New York om Mamdani vann. <\/p>\n<p>Mamdanis talesperson, Dora Pekec, s\u00e4ger att m\u00f6tet \u00e4r en tradition n\u00e4r en ny borgm\u00e4staradministration tar \u00f6ver, skriver Axios. <\/p>\n<p>Omni \u00e4r politiskt obundna och oberoende. Vi str\u00e4var efter att ge fler perspektiv p\u00e5 nyheterna. Har du fr\u00e5gor eller synpunkter kring v\u00e5r rapportering? <a href=\"https:\/\/omni.se\/trump-och-mamdani-ska-traffas-i-vita-huset\/a\/mailto:redaktion@omni.se\" class=\"ArticleActions_contactLink__W2F1M\" rel=\"nofollow noopener\" target=\"_blank\">Kontakta redaktionen<\/a><\/p>\n","protected":false},"excerpt":{"rendered":"USA:s president Donald Trump ska m\u00f6ta den nyvalde borgm\u00e4staren i New York City, Zohran Mamdani. Det skriver presidenten&hellip;\n","protected":false},"author":2,"featured_media":85366,"comment_status":"","ping_status":"","sticky":false,"template":"","format":"standard","meta":{"footnotes":""},"categories":[5],"tags":[387,22,23,385,26,27,17,21,24,25,28,29,15,268,16,18,34,31,33,32,30,19,20,74,6470],"class_list":{"0":"post-85365","1":"post","2":"type-post","3":"status-publish","4":"format-standard","5":"has-post-thumbnail","7":"category-rubriker","8":"tag-amerikansk-politik","9":"tag-breaking-news","10":"tag-breakingnews","11":"tag-donald-trump","12":"tag-featured-news","13":"tag-featurednews","14":"tag-headlines","15":"tag-huvudnyheter","16":"tag-latest-news","17":"tag-latestnews","18":"tag-main-news","19":"tag-mainnews","20":"tag-news","21":"tag-nordamerika","22":"tag-nyheter","23":"tag-rubriker","24":"tag-se","25":"tag-svenska","26":"tag-sverige","27":"tag-sweden","28":"tag-swedish","29":"tag-top-stories","30":"tag-topstories","31":"tag-usa","32":"tag-zohran-mamdani"},"share_on_mastodon":{"url":"https:\/\/pubeurope.com\/@se\/115580515311368336","error":""},"_links":{"self":[{"href":"https:\/\/www.europesays.com\/se\/wp-json\/wp\/v2\/posts\/85365","targetHints":{"allow":["GET"]}}],"collection":[{"href":"https:\/\/www.europesays.com\/se\/wp-json\/wp\/v2\/posts"}],"about":[{"href":"https:\/\/www.europesays.com\/se\/wp-json\/wp\/v2\/types\/post"}],"author":[{"embeddable":true,"href":"https:\/\/www.europesays.com\/se\/wp-json\/wp\/v2\/users\/2"}],"replies":[{"embeddable":true,"href":"https:\/\/www.europesays.com\/se\/wp-json\/wp\/v2\/comments?post=85365"}],"version-history":[{"count":0,"href":"https:\/\/www.europesays.com\/se\/wp-json\/wp\/v2\/posts\/85365\/revisions"}],"wp:featuredmedia":[{"embeddable":true,"href":"https:\/\/www.europesays.com\/se\/wp-json\/wp\/v2\/media\/85366"}],"wp:attachment":[{"href":"https:\/\/www.europesays.com\/se\/wp-json\/wp\/v2\/media?parent=85365"}],"wp:term":[{"taxonomy":"category","embeddable":true,"href":"https:\/\/www.europesays.com\/se\/wp-json\/wp\/v2\/categories?post=85365"},{"taxonomy":"post_tag","embeddable":true,"href":"https:\/\/www.europesays.com\/se\/wp-json\/wp\/v2\/tags?post=85365"}],"curies":[{"name":"wp","href":"https:\/\/api.w.org\/{rel}","templated":true}]}}