{"id":85411,"date":"2025-11-20T07:17:37","date_gmt":"2025-11-20T07:17:37","guid":{"rendered":"https:\/\/www.europesays.com\/se\/85411\/"},"modified":"2025-11-20T07:17:37","modified_gmt":"2025-11-20T07:17:37","slug":"vinterberedskapen-ar-igang-svedala-kommun","status":"publish","type":"post","link":"https:\/\/www.europesays.com\/se\/85411\/","title":{"rendered":"Vinterberedskapen \u00e4r ig\u00e5ng &#8211; Svedala kommun"},"content":{"rendered":"<p>                <a href=\"https:\/\/www.svedala.se\/paverka\/nyheter\/\" class=\"backtolist rs_skip_always\" rel=\"nofollow noopener\" target=\"_blank\">Tillbaka till nyhetslistan<\/a><\/p>\n<p>&#13;<br \/>\n                Publicerad 2025-11-20 kl 07:32&#13;\n            <\/p>\n<p><img loading=\"lazy\" decoding=\"async\" src=\"https:\/\/www.europesays.com\/se\/wp-content\/uploads\/2025\/11\/467726540_1122312336560687_1149087246557412664_n.jpg\" alt=\"\" width=\"840\" height=\"332\"\/>    <\/p>\n<p class=\"maincontent__ingress\">Temperaturerna har b\u00f6rjat sjunka och m\u00e5nga platser i kommunen blir hala p\u00e5 kv\u00e4llar, n\u00e4tter och tidiga morgnar. D\u00e4rf\u00f6r beh\u00f6ver vi alla vara extra f\u00f6rsiktiga, b\u00e5de till fots och i trafiken, n\u00e4r vinterv\u00e4glaget g\u00f6r sig p\u00e5mint.<\/p>\n<p>                S\u00e5 arbetar vi just nu<\/p>\n<p>V\u00e5r vinterberedskap \u00e4r ig\u00e5ng. Vi f\u00f6ljer v\u00e4derl\u00e4get dygnet runt och s\u00e4tter in halkbek\u00e4mpning n\u00e4r det beh\u00f6vs. Vi fokuserar fr\u00e4mst p\u00e5 v\u00e4gar med mycket trafik, g\u00e5ng- och cykelv\u00e4gar och andra ytor d\u00e4r m\u00e5nga r\u00f6r sig. Vi halkbek\u00e4mpar inte gator i f\u00f6rebyggande syfte, detta som ett led i v\u00e5rt h\u00e5llbarhetsarbete. Vi g\u00f6r halkbek\u00e4mpande insatser p\u00e5 gator f\u00f6rst n\u00e4r halka uppst\u00e5r d\u00e4remot grusar vi g\u00e5ng- och cykelv\u00e4gar.<\/p>\n<p>Det h\u00e4r ansvarar du som fastighets\u00e4gare f\u00f6r<\/p>\n<p>Du som \u00e4ger en villa eller fastighet ansvarar f\u00f6r att h\u00e5lla g\u00e5ngbanan utanf\u00f6r din fastighet fri fr\u00e5n sn\u00f6 och halka. D\u00e5 n\u00e5gon del av g\u00e5ngbanan inte kan urskiljas anses g\u00e5ngbanan vara ett omr\u00e5de om 1,5 meters bredd utanf\u00f6r fastigheten. Du \u00e4r ocks\u00e5 ansvarig f\u00f6r att ta bort istappar som h\u00e4nger ner fr\u00e5n fastigheten.<\/p>\n<p>N\u00e4r sn\u00f6n kommer<\/p>\n<p>N\u00e4r sn\u00f6fall drar in b\u00f6rjar vi alltid med huvudgator samt g\u00e5ng- och cykelv\u00e4gar. D\u00e4refter forts\u00e4tter vi till platser som bussh\u00e5llplatser och genomfartsgator. Sedan g\u00e5r vi \u00f6ver till \u00f6vriga v\u00e4gar och ytor.<br \/>\u00a0<br \/><a href=\"https:\/\/www.svedala.se\/bo\/trafik-och-resor\/renhallning-och-snorojning\/snoskottning-och-halkbekampning\/\" target=\"_top\" rel=\"nofollow noopener\">L\u00e4s mer om v\u00e5ra prioriteringar och vad som g\u00e4ller vid halkbek\u00e4mpning och sn\u00f6r\u00f6jning<\/a><br \/>\u00a0<br \/>Ta det lugnt i trafiken och h\u00e5ll koll p\u00e5 v\u00e4derl\u00e4get!<\/p>\n","protected":false},"excerpt":{"rendered":"Tillbaka till nyhetslistan &#13; Publicerad 2025-11-20 kl 07:32&#13; Temperaturerna har b\u00f6rjat sjunka och m\u00e5nga platser i kommunen blir&hellip;\n","protected":false},"author":2,"featured_media":85412,"comment_status":"","ping_status":"","sticky":false,"template":"","format":"standard","meta":{"footnotes":""},"categories":[5],"tags":[22,23,26,27,17,21,24,25,28,29,15,16,18,34,31,33,32,30,19,20],"class_list":{"0":"post-85411","1":"post","2":"type-post","3":"status-publish","4":"format-standard","5":"has-post-thumbnail","7":"category-rubriker","8":"tag-breaking-news","9":"tag-breakingnews","10":"tag-featured-news","11":"tag-featurednews","12":"tag-headlines","13":"tag-huvudnyheter","14":"tag-latest-news","15":"tag-latestnews","16":"tag-main-news","17":"tag-mainnews","18":"tag-news","19":"tag-nyheter","20":"tag-rubriker","21":"tag-se","22":"tag-svenska","23":"tag-sverige","24":"tag-sweden","25":"tag-swedish","26":"tag-top-stories","27":"tag-topstories"},"share_on_mastodon":{"url":"https:\/\/pubeurope.com\/@se\/115580806421329923","error":""},"_links":{"self":[{"href":"https:\/\/www.europesays.com\/se\/wp-json\/wp\/v2\/posts\/85411","targetHints":{"allow":["GET"]}}],"collection":[{"href":"https:\/\/www.europesays.com\/se\/wp-json\/wp\/v2\/posts"}],"about":[{"href":"https:\/\/www.europesays.com\/se\/wp-json\/wp\/v2\/types\/post"}],"author":[{"embeddable":true,"href":"https:\/\/www.europesays.com\/se\/wp-json\/wp\/v2\/users\/2"}],"replies":[{"embeddable":true,"href":"https:\/\/www.europesays.com\/se\/wp-json\/wp\/v2\/comments?post=85411"}],"version-history":[{"count":0,"href":"https:\/\/www.europesays.com\/se\/wp-json\/wp\/v2\/posts\/85411\/revisions"}],"wp:featuredmedia":[{"embeddable":true,"href":"https:\/\/www.europesays.com\/se\/wp-json\/wp\/v2\/media\/85412"}],"wp:attachment":[{"href":"https:\/\/www.europesays.com\/se\/wp-json\/wp\/v2\/media?parent=85411"}],"wp:term":[{"taxonomy":"category","embeddable":true,"href":"https:\/\/www.europesays.com\/se\/wp-json\/wp\/v2\/categories?post=85411"},{"taxonomy":"post_tag","embeddable":true,"href":"https:\/\/www.europesays.com\/se\/wp-json\/wp\/v2\/tags?post=85411"}],"curies":[{"name":"wp","href":"https:\/\/api.w.org\/{rel}","templated":true}]}}