{"id":85415,"date":"2025-11-20T07:25:12","date_gmt":"2025-11-20T07:25:12","guid":{"rendered":"https:\/\/www.europesays.com\/se\/85415\/"},"modified":"2025-11-20T07:25:12","modified_gmt":"2025-11-20T07:25:12","slug":"vatmark-pa-akern-hd","status":"publish","type":"post","link":"https:\/\/www.europesays.com\/se\/85415\/","title":{"rendered":"V\u00e5tmark p\u00e5 \u00e5kern \u2013 HD"},"content":{"rendered":"<p>Giftigt badvatten, d\u00f6da fiskar och bottend\u00f6d \u2013 klimatf\u00f6r\u00e4ndringarnas p\u00e5verkan p\u00e5 havet blir allt tydligare.<\/p>\n<p>Men kampen mot havsd\u00f6den b\u00f6rjar en bra bit upp p\u00e5 land. <\/p>\n<p>\u2013 2018 var en v\u00e4ckarklocka, s\u00e4ger lantbrukaren Erika Olsson, en av alla dem som anlagt v\u00e5tmarker.<\/p>\n<p><img loading=\"lazy\" decoding=\"async\" width=\"980\" height=\"551\" class=\"article-image article-image--featured\" alt=\"Fosfordammen f\u00e5ngar upp \u00f6verskottsn\u00e4ring fr\u00e5n marken s\u00e5 att den inte l\u00e4cker ut i \u00d6stersj\u00f6n.\" src=\"https:\/\/static.bonniernews.se\/ba\/e9428df3-3e0b-4a4a-a5ef-74604bf9855e.jpg?crop=4067%2C2288%2Cx0%2Cy212&amp;width=980&amp;format=pjpg&amp;auto=avif\"  \/><a class=\"article__lightbox-link\" href=\"https:\/\/static.bonniernews.se\/ba\/e9428df3-3e0b-4a4a-a5ef-74604bf9855e.jpg?crop=4067%2C2288%2Cx0%2Cy212&amp;width=1400&amp;format=pjpg&amp;auto=avif\" data-pswp-width=\"1400\" data-pswp-height=\"788\" data-pswp-caption=\"Fosfordammen f\u00e5ngar upp \u00f6verskottsn\u00e4ring fr\u00e5n marken s\u00e5 att den inte l\u00e4cker ut i \u00d6stersj\u00f6n. Bild: Henrik Montgomery\/TT\" data-pswp- rel=\"nofollow noopener\" target=\"_blank\">\u00d6ppna bild i helsk\u00e4rmsl\u00e4ge<\/a><\/p>\n<p class=\"txt-style-muted\" aria-hidden=\"true\">Fosfordammen f\u00e5ngar upp \u00f6verskottsn\u00e4ring fr\u00e5n marken s\u00e5 att den inte l\u00e4cker ut i \u00d6stersj\u00f6n.<\/p>\n<p class=\"article__figcaption-attribution txt-style-muted\">Bild: Henrik Montgomery\/TT<\/p>\n<p>Mellan tv\u00e5 \u00e5krar utanf\u00f6r Nyk\u00f6ping ligger en rad sm\u00e5 dammar som en gr\u00e5bl\u00e5 mosaik. Det ser ut som n\u00e5got som flyttat ut fr\u00e5n en park, men \u00e4r en fosfordamm \u2013 en sorts v\u00e5tmark anpassad f\u00f6r att f\u00e5nga upp \u00f6verskottsn\u00e4ring fr\u00e5n marken runtom s\u00e5 att det inte transporteras vidare till S\u00e4ttersta\u00e5n och i slut\u00e4nden till den redan \u00f6verg\u00f6dda \u00d6stersj\u00f6n.<\/p>\n<p>Dammen byggdes senh\u00f6sten 2024 och \u00e4r lantbrukaren Erika Olssons andra v\u00e5tmark. Den f\u00f6rsta \u00e4r en annan sort, anlagd p\u00e5 ett l\u00e5ngsmalt skifte som varit \u00e5ker, men d\u00e4r man aldrig f\u00e5tt n\u00e5gon riktig sk\u00f6rd. I dag gl\u00e4nser en grund vattenspegel och i kanten syns kl\u00f6vavtryck fr\u00e5n r\u00e5djur och \u00e4lgar som kommit f\u00f6r att dricka.<\/p>\n<p>Stort intresse<\/p>\n<p>Den torra och varma sommaren 2018 fick henne att b\u00f6rja t\u00e4nka p\u00e5 vatten p\u00e5 ett nytt s\u00e4tt.<\/p>\n<p aria-disabled=\"true\" class=\"ad__preamble ad-text txt-style-muted txt-ui txt-ui--strong txt-ui-2\">Annons<\/p>\n<p>\u2013 2018 var en v\u00e4ckarklocka f\u00f6r mig. Vi s\u00e5dde tv\u00e5 g\u00e5nger och fick ingen sk\u00f6rd. Vi hade inget foder till djuren, vi ringde slakterierna och det var fullt. Ska vi bli mer l\u00e5ngsiktiga i v\u00e5rt brukande m\u00e5ste vi f\u00e5 in mer vatten.<\/p>\n<p aria-disabled=\"true\" class=\"ad__preamble ad-text txt-style-muted txt-ui txt-ui--strong txt-ui-2\">Annons<\/p>\n<p>Hon \u00e4r inte ensam. Intresset bland lantbrukare f\u00f6r att anl\u00e4gga v\u00e5tmarker \u00e4r stort, s\u00e4ger Markus Hoffman, h\u00e5llbarhetsexpert p\u00e5 LRF, b\u00e5de som klimat\u00e5tg\u00e4rd och f\u00f6r att det helt enkelt \u00e4r vackert att se p\u00e5. <\/p>\n<p>N\u00e4r LRF har fr\u00e5gat medlemmarna om deras inst\u00e4llning till v\u00e5tmarker svarar m\u00e5nga att de g\u00e4rna skulle vilja anl\u00e4gga dem om de fick hj\u00e4lp med projektering, administration och s\u00f6ka tillst\u00e5nd och pengar.<\/p>\n<p>Erika Olsson fick hj\u00e4lp via Nyk\u00f6pings\u00e5arnas vattenv\u00e5rdsf\u00f6rbund och EU-projektet BaltCOP. D\u00e4r finns n\u00e5gra av landets runt 50 s\u00e5 kallade lokala \u00e5tg\u00e4rdssamordnare, som hj\u00e4lper lantbrukare med projektering och att hitta r\u00e4tt i djungeln av tillst\u00e5nd och bidrag. <\/p>\n<p>\u2013 Det \u00e4r en ny uppfinning i Milj\u00f6sverige som har visat sig fungera, s\u00e4ger Markus Hoffman.<\/p>\n<p><img decoding=\"async\" width=\"640\" height=\"427\" class=\"article-image article-image--unbound\" alt=\"Erika Olsson anlade den f\u00f6rsta v\u00e5tmarken h\u00f6sten 2024. Ett \u00e5r senare ser det ut som om den alltid funnits d\u00e4r, tycker hon. H\u00e4r tillsammans med Gordon Lindau, samordnare p\u00e5 Nyk\u00f6pings\u00e5arnas vattenv\u00e5rdsf\u00f6rbund, som hj\u00e4lpt till med projektet.\" src=\"https:\/\/static.bonniernews.se\/ba\/6d520726-ea23-4201-a99f-a1d629f520a5.jpg?width=640&amp;format=pjpg&amp;auto=avif\"   loading=\"lazy\"\/><a class=\"article__lightbox-link\" href=\"https:\/\/static.bonniernews.se\/ba\/6d520726-ea23-4201-a99f-a1d629f520a5.jpg?width=1400&amp;format=pjpg&amp;auto=avif\" data-pswp-width=\"1400\" data-pswp-height=\"933\" data-pswp-caption=\"Erika Olsson anlade den f\u00f6rsta v\u00e5tmarken h\u00f6sten 2024. Ett \u00e5r senare ser det ut som om den alltid funnits d\u00e4r, tycker hon. H\u00e4r tillsammans med Gordon Lindau, samordnare p\u00e5 Nyk\u00f6pings\u00e5arnas vattenv\u00e5rdsf\u00f6rbund, som hj\u00e4lpt till med projektet. Bild: Henrik Montgomery\/TT\" data-pswp- rel=\"nofollow noopener\" target=\"_blank\">\u00d6ppna bild i helsk\u00e4rmsl\u00e4ge<\/a><\/p>\n<p class=\"txt-style-muted\" aria-hidden=\"true\">Erika Olsson anlade den f\u00f6rsta v\u00e5tmarken h\u00f6sten 2024. Ett \u00e5r senare ser det ut som om den alltid funnits d\u00e4r, tycker hon. H\u00e4r tillsammans med Gordon Lindau, samordnare p\u00e5 Nyk\u00f6pings\u00e5arnas vattenv\u00e5rdsf\u00f6rbund, som hj\u00e4lpt till med projektet.<\/p>\n<p class=\"article__figcaption-attribution txt-style-muted\">Bild: Henrik Montgomery\/TT<\/p>\n<p>Or\u00e4ttvist utpekade<\/p>\n<p>\u00d6verg\u00f6dning i sj\u00f6ar och hav uppst\u00e5r n\u00e4r v\u00e4xtn\u00e4rings\u00e4mnena kv\u00e4ve och fosfor l\u00e4cker ut. I \u00d6stersj\u00f6n handlar det om runt 100 000 ton kv\u00e4ve och 3 000 ton fosfor per \u00e5r. Jordbruket \u00e4r den fr\u00e4msta orsaken till n\u00e4ringsl\u00e4ckage som leder till \u00f6verg\u00f6dning, men \u00e4ven transporter, utsl\u00e4pp fr\u00e5n reningsverk och industrin bidrar till utsl\u00e4ppen som p\u00e5verkar havens ekosystem.<\/p>\n<p aria-disabled=\"true\" class=\"ad__preamble ad-text txt-style-muted txt-ui txt-ui--strong txt-ui-2\">Annons<\/p>\n<p aria-disabled=\"true\" class=\"ad__preamble ad-text txt-style-muted txt-ui txt-ui--strong txt-ui-2\">Annons<\/p>\n<p>M\u00e5nga lantbrukare k\u00e4nner sig ofta or\u00e4ttvist utpekade som milj\u00f6bovar, s\u00e4ger Markus Hoffman.<\/p>\n<p>\u2013 F\u00f6rst i 1980- och 90-talets \u00f6verg\u00f6dningsfr\u00e5ga med n\u00e4ringsl\u00e4ckage och nu 30 \u00e5r senare \u00e4r de inte bara milj\u00f6bovar utan klimatbovar. V\u00e5tmarker \u00e4r en \u00e5tg\u00e4rd som alla kan f\u00f6rst\u00e5.<\/p>\n<p>\u2013 Men det som \u00e4r tacksamt med v\u00e5tmarker \u00e4r att de \u00e4r multifunktionella. M\u00e5nga milj\u00f6\u00e5tg\u00e4rder och klimat\u00e5tg\u00e4rder i lantbruket har kanske bara klimatnytta eller bara vattenreningsnytta, med v\u00e5tmarkerna kan man kryssa i alla boxarna. P\u00e5 det s\u00e4ttet kan man s\u00e4ga att v\u00e5tmarker blir s\u00e4llan fel.<\/p>\n","protected":false},"excerpt":{"rendered":"Giftigt badvatten, d\u00f6da fiskar och bottend\u00f6d \u2013 klimatf\u00f6r\u00e4ndringarnas p\u00e5verkan p\u00e5 havet blir allt tydligare. Men kampen mot havsd\u00f6den&hellip;\n","protected":false},"author":2,"featured_media":85416,"comment_status":"","ping_status":"","sticky":false,"template":"","format":"standard","meta":{"footnotes":""},"categories":[5],"tags":[22,23,26,27,17,21,24,25,28,29,15,16,18,34,31,33,32,30,19,20],"class_list":{"0":"post-85415","1":"post","2":"type-post","3":"status-publish","4":"format-standard","5":"has-post-thumbnail","7":"category-rubriker","8":"tag-breaking-news","9":"tag-breakingnews","10":"tag-featured-news","11":"tag-featurednews","12":"tag-headlines","13":"tag-huvudnyheter","14":"tag-latest-news","15":"tag-latestnews","16":"tag-main-news","17":"tag-mainnews","18":"tag-news","19":"tag-nyheter","20":"tag-rubriker","21":"tag-se","22":"tag-svenska","23":"tag-sverige","24":"tag-sweden","25":"tag-swedish","26":"tag-top-stories","27":"tag-topstories"},"share_on_mastodon":{"url":"https:\/\/pubeurope.com\/@se\/115580837962152525","error":""},"_links":{"self":[{"href":"https:\/\/www.europesays.com\/se\/wp-json\/wp\/v2\/posts\/85415","targetHints":{"allow":["GET"]}}],"collection":[{"href":"https:\/\/www.europesays.com\/se\/wp-json\/wp\/v2\/posts"}],"about":[{"href":"https:\/\/www.europesays.com\/se\/wp-json\/wp\/v2\/types\/post"}],"author":[{"embeddable":true,"href":"https:\/\/www.europesays.com\/se\/wp-json\/wp\/v2\/users\/2"}],"replies":[{"embeddable":true,"href":"https:\/\/www.europesays.com\/se\/wp-json\/wp\/v2\/comments?post=85415"}],"version-history":[{"count":0,"href":"https:\/\/www.europesays.com\/se\/wp-json\/wp\/v2\/posts\/85415\/revisions"}],"wp:featuredmedia":[{"embeddable":true,"href":"https:\/\/www.europesays.com\/se\/wp-json\/wp\/v2\/media\/85416"}],"wp:attachment":[{"href":"https:\/\/www.europesays.com\/se\/wp-json\/wp\/v2\/media?parent=85415"}],"wp:term":[{"taxonomy":"category","embeddable":true,"href":"https:\/\/www.europesays.com\/se\/wp-json\/wp\/v2\/categories?post=85415"},{"taxonomy":"post_tag","embeddable":true,"href":"https:\/\/www.europesays.com\/se\/wp-json\/wp\/v2\/tags?post=85415"}],"curies":[{"name":"wp","href":"https:\/\/api.w.org\/{rel}","templated":true}]}}