{"id":85419,"date":"2025-11-20T07:33:23","date_gmt":"2025-11-20T07:33:23","guid":{"rendered":"https:\/\/www.europesays.com\/se\/85419\/"},"modified":"2025-11-20T07:33:23","modified_gmt":"2025-11-20T07:33:23","slug":"poangtorkan-fortsatte-for-flera-nyckelspelare-i-oskarshamn-och-da-ingen-breddspelare-heller-ater-ej-natade-haller-ekvationen-inte-for-topp-6-just-nu-vik-fan-central-vik-fan-central","status":"publish","type":"post","link":"https:\/\/www.europesays.com\/se\/85419\/","title":{"rendered":"Po\u00e4ngtorkan fortsatte f\u00f6r flera nyckelspelare i Oskarshamn och d\u00e5 ingen breddspelare heller \u00e5ter ej n\u00e4tade h\u00e5ller ekvationen inte f\u00f6r topp-6 just nu \u2013 VIK FAN CENTRAL &#8211; VIK FAN CENTRAL"},"content":{"rendered":"<ol>\n<li><a href=\"https:\/\/news.google.com\/rss\/articles\/CBMi_gFBVV95cUxQelhkSXpVcFh6SXdlcmVFbm1KaG1ZNVZpcnA4SGJTR2V2dDZ6X0xEcklVZmdYckdFLXJ5U1NCV0xFYkFkbHB2a2NURGJtN3JSYlpDdVdGazZpR0JBamhNVS11WnVUSzMyU3ZMYkNWOXM3b291dndZRGg1c01jQlVuMGptdjV0c0NINkdqMEVnTUxHUnJwX2x6Y29yQWJ4aC1GWlNVUlFEQVBhTVpUQWhWRVg2ODY5UGNzZlVqamh2dG93LXI4bXduSUlTc290aWRkeVU4TWhwZkZNcDJ5Q1lVdWpWamcxNERUa0JwbzIzNk8ya0dxTkRrWWp2N0wyUQ?oc=5\" target=\"_blank\" rel=\"nofollow noopener\">Po\u00e4ngtorkan fortsatte f\u00f6r flera nyckelspelare i Oskarshamn och d\u00e5 ingen breddspelare heller \u00e5ter ej n\u00e4tade h\u00e5ller ekvationen inte f\u00f6r topp-6 just nu \u2013 VIK FAN CENTRAL<\/a>&nbsp;&nbsp;VIK FAN CENTRAL<\/li>\n<li><a href=\"https:\/\/news.google.com\/rss\/articles\/CBMid0FVX3lxTE1IeHpId01RNEJfOXFJZ3I3dUJnaThKZlpmZXE1X1BKck5BM0d1RjdVY2QyWDdJZU92M0xra0dDaFl3Zk5RU0dJcDRlMVhRakRVdGZEdU90bk9DclR3QmRET0NQNnZRWnlldmNFc00weVNjUXIyUEhn?oc=5\" target=\"_blank\" rel=\"nofollow noopener\">Uddl\u00f6st VIK nollat \u2013 trots 25 skott p\u00e5 m\u00e5l<\/a>&nbsp;&nbsp;VLT<\/li>\n<li><a href=\"https:\/\/news.google.com\/rss\/articles\/CBMimwFBVV95cUxPQkZON05XT2V5SDJTWVIxOXdNOVlQRXNKM1FoQS1wY21XbFB6OHNJY0RucDhFRWtUaUJlalFTMmtEMFBlMWVCaTZzZ1Z6RkxlNTJxY1JvMTl4U1NWaGMwenBjUHl4emRSSEw2emtjeWNWTVhTRjFyamplLTg4UlZPLWxJUzhEQXJ5ZDF0b2hBMHJTNlJqYUx4QXhuRQ?oc=5\" target=\"_blank\" rel=\"nofollow noopener\">F\u00f6rsta m\u00e5let i IKO \u2013 och hockeyallsvenskan<\/a>&nbsp;&nbsp;Barometern-OT<\/li>\n<li><a href=\"https:\/\/news.google.com\/rss\/articles\/CBMiekFVX3lxTE03N2pFd0h3bG4tQUR0Y0ludDM1VU44VWJ0VW5hZU94blBHakVKUktkbVFDOG5zVVNacDEyX1llM29MdExmaG9qY1ZyMG41QW9lbC00MWpBNS15VnNlQXhfS0toNTl6ZXZrLWdHbWRiM1hNTE1CbC1qaGpn?oc=5\" target=\"_blank\" rel=\"nofollow noopener\">Stabil defensiv n\u00e4r Oskarshamn vann<\/a>&nbsp;&nbsp;V\u00e4sterbottens-Kuriren<\/li>\n<li><a href=\"https:\/\/news.google.com\/rss\/articles\/CBMizwFBVV95cUxPNjkxV2wtX2tTai0wb3M0dnU3OGNZLVBaay1weTlFeWhNVm94aDBKbHVSQUVzcmcwTkFnS1BZaWh5UDFtTzhTeFkyalFYYTJiakJaakg5RlVmYzRwR1YxMDBBRHFDeWUyT0pocUhubGkwZ1dzdjNUNExtS2ZUQktLZ3dlNE5VcWFFdWpoYTRZTEtjajBOWkdFNzhROFI3ZVVSX3F3NDgwd1dCdWo4c1lEeVdTS3BIZlF0VXFvS1lOY2p6V250RnlveXMybXlxc3M?oc=5\" target=\"_blank\" rel=\"nofollow noopener\">Stabil seger f\u00f6r Oskarshamn \u2013 h\u00f6ll nollan mot V\u00e4ster\u00e5s<\/a>&nbsp;&nbsp;GP<\/li>\n<\/ol>\n","protected":false},"excerpt":{"rendered":"Po\u00e4ngtorkan fortsatte f\u00f6r flera nyckelspelare i Oskarshamn och d\u00e5 ingen breddspelare heller \u00e5ter ej n\u00e4tade h\u00e5ller ekvationen inte&hellip;\n","protected":false},"author":2,"featured_media":1096,"comment_status":"","ping_status":"","sticky":false,"template":"","format":"standard","meta":{"footnotes":""},"categories":[5],"tags":[22,23,26,27,17,21,24,25,28,29,15,16,18,34,31,33,32,30,19,20],"class_list":{"0":"post-85419","1":"post","2":"type-post","3":"status-publish","4":"format-standard","5":"has-post-thumbnail","7":"category-rubriker","8":"tag-breaking-news","9":"tag-breakingnews","10":"tag-featured-news","11":"tag-featurednews","12":"tag-headlines","13":"tag-huvudnyheter","14":"tag-latest-news","15":"tag-latestnews","16":"tag-main-news","17":"tag-mainnews","18":"tag-news","19":"tag-nyheter","20":"tag-rubriker","21":"tag-se","22":"tag-svenska","23":"tag-sverige","24":"tag-sweden","25":"tag-swedish","26":"tag-top-stories","27":"tag-topstories"},"share_on_mastodon":{"url":"https:\/\/pubeurope.com\/@se\/115580869241789087","error":""},"_links":{"self":[{"href":"https:\/\/www.europesays.com\/se\/wp-json\/wp\/v2\/posts\/85419","targetHints":{"allow":["GET"]}}],"collection":[{"href":"https:\/\/www.europesays.com\/se\/wp-json\/wp\/v2\/posts"}],"about":[{"href":"https:\/\/www.europesays.com\/se\/wp-json\/wp\/v2\/types\/post"}],"author":[{"embeddable":true,"href":"https:\/\/www.europesays.com\/se\/wp-json\/wp\/v2\/users\/2"}],"replies":[{"embeddable":true,"href":"https:\/\/www.europesays.com\/se\/wp-json\/wp\/v2\/comments?post=85419"}],"version-history":[{"count":0,"href":"https:\/\/www.europesays.com\/se\/wp-json\/wp\/v2\/posts\/85419\/revisions"}],"wp:featuredmedia":[{"embeddable":true,"href":"https:\/\/www.europesays.com\/se\/wp-json\/wp\/v2\/media\/1096"}],"wp:attachment":[{"href":"https:\/\/www.europesays.com\/se\/wp-json\/wp\/v2\/media?parent=85419"}],"wp:term":[{"taxonomy":"category","embeddable":true,"href":"https:\/\/www.europesays.com\/se\/wp-json\/wp\/v2\/categories?post=85419"},{"taxonomy":"post_tag","embeddable":true,"href":"https:\/\/www.europesays.com\/se\/wp-json\/wp\/v2\/tags?post=85419"}],"curies":[{"name":"wp","href":"https:\/\/api.w.org\/{rel}","templated":true}]}}