{"id":85424,"date":"2025-11-20T07:41:24","date_gmt":"2025-11-20T07:41:24","guid":{"rendered":"https:\/\/www.europesays.com\/se\/85424\/"},"modified":"2025-11-20T07:41:24","modified_gmt":"2025-11-20T07:41:24","slug":"htff-nara-superettan-klonforeningen-vacker-hat-och-beundran","status":"publish","type":"post","link":"https:\/\/www.europesays.com\/se\/85424\/","title":{"rendered":"HTFF n\u00e4ra Superettan \u2013 klonf\u00f6reningen v\u00e4cker hat och beundran"},"content":{"rendered":"<p>Reportaget finns \u00e4ven med i kommande nummer.<\/p>\n<p>En halvtimme in i Hammarby TFF:s match mot Assyriska fr\u00e5gar sig en medel\u00e5lders man med knarrig s\u00f6derdialekt hur gammal nummer 21 i bortalaget \u00e4r. Svaret kommer fr\u00e5n hans snabbgooglande b\u00e4nkgranne. Mittf\u00e4ltaren Felix Felder Aaltonen \u00e4r 22 \u00e5r.<\/p>\n<p>\u2013 Synd, s\u00e4ger mannen. Det \u00e4r f\u00f6r gammalt, han m\u00e5ste vara 17 f\u00f6r att vi ska v\u00e4rva honom.<\/p>\n<p>Tigerrandiga HTFF leder m\u00f6tet i Ettan Norra med 2\u20130 efter m\u00e5l av den 19-\u00e5rige nigerianen Odera Samuel Adindu och den ett \u00e5r yngre startdebutanten Suwaibou Kebbeh fr\u00e5n Gambia. Det \u00e4r spel mot ett m\u00e5l och bortasupportrarna p\u00e5 Hammarby IP:s \u00f6stra l\u00e4ktare, som vanligtvis befolkas av Bajendamernas klack, \u00e4r missn\u00f6jd. Vid ett tillf\u00e4lle v\u00e4nder klackledaren sin megafon mot spelarna och ropar att det \u00e4r dags att de sk\u00e4rper sig och b\u00f6rjar spela som ett lag.<\/p>\n<p>Fr\u00e5n hemmapubliken yttras varken ilskna rop p\u00e5 domaren eller konventionella m\u00e5ljubel. Under inmarschen riktade tv\u00e5 \u00e5sk\u00e5dare luftrunkgester mot en motst\u00e5ndare, men handlingen f\u00f6ref\u00f6ll mer ironisk \u00e4n fientlig. Killarnas of\u00f6rargliga leenden gav sken av att Assyriskaspelaren rentav var deras kompis. Annars best\u00e5r l\u00e4ktarreaktionerna av f\u00f6rstr\u00f6dda appl\u00e5der eller iakttagelser som inte s\u00e4llan handlar om hur mycket A-laget tror p\u00e5 det 17-\u00e5riga mittbacksl\u00f6ftet Bj\u00f6rn Hedl\u00f6f, v\u00e4rvad inf\u00f6r s\u00e4songen fr\u00e5n T\u00e4by FK d\u00e4r han division ett-debuterade som 15-\u00e5ring.<\/p>\n<blockquote>\n<p style=\"text-align: center;\">\u00bbI Superettan kan klubben f\u00e5 in mer p\u00e5 spelarf\u00f6rs\u00e4ljningar, TV-int\u00e4kter och annat.\u00ab<\/p>\n<\/blockquote>\n<p><img data-recalc-dims=\"1\" fetchpriority=\"high\" decoding=\"async\" class=\"size-medium wp-image-34225 aligncenter\" src=\"https:\/\/www.europesays.com\/se\/wp-content\/uploads\/2025\/11\/htff-hammarby-talanglag-samarbetsklubb-allsvenskan-superettan-004.jpg\" alt=\"Spelare i Hammarbys talanglag HTFF v\u00e4rmer upp inf\u00f6r match i Ettan Norra\" width=\"800\" height=\"1199\"  \/><\/p>\n<p>\u00a0<\/p>\n<p>Lika vanligt \u00e4r det med utl\u00e5tanden som \u00bboj, s\u00e5 snyggt\u00ab efter mjuka genomsk\u00e4rare av lagkaptenen William Axelsson Tervonen eller lyckade dribblingsnummer av v\u00e4nsterbacken Oscar Steinke Br\u00e5nby. Hobbyanalytikerna p\u00e5 idrottsplatsen som i folkmun kallas Kanalplan blir extra uppm\u00e4rksamma varje g\u00e5ng bollen finns i n\u00e4rheten av Suwaibou Kebbeh. Den 18-\u00e5rige anfallaren hoppade in i f\u00f6rra matchen men f\u00e5r i dag visa upp sig p\u00e5 riktigt. Han har l\u00e5nats fr\u00e5n Real de Banjul i Gambia f\u00f6r att testas i Bajenmilj\u00f6 innan han kan k\u00f6pas loss i vinter.<\/p>\n<p>Enligt den traditionella synen p\u00e5 supporterskap finns det ingen som verkligen hejar p\u00e5 Hammarby TFF. Men 365 personer har \u00e4nd\u00e5 tagit sig hit en m\u00e5ndagskv\u00e4ll i september och bara knappt h\u00e4lften st\u00f6ttar Assyriska. \u00d6vriga \u00e4r Bajensupportrar som njuter av ett g\u00e4ng ton\u00e5ringar som bjuder p\u00e5 p\u00e5hittig och ober\u00e4knelig anfallsfotboll. H\u00e4r finns lekfullhet och r\u00e5talang, dj\u00e4rva speluppl\u00e4ggare och oh\u00e4mmade dribblers som passar f\u00f6r s\u00e4llan och just d\u00e4rf\u00f6r \u00e4r underbara att se. H\u00e4r finns ocks\u00e5 killar som inom ett par \u00e5r kan vara publikfavoriter tv\u00e5 och en halv kilometers promenadv\u00e4g s\u00f6derut. N\u00e4sta Jusef Erabi, Markus Karlsson eller Hampus Skoglund. Att nyfiket f\u00f6lja unga spelares v\u00e4g fr\u00e5n skuggorna i Ettan Norra till derbyr\u00f6ken p\u00e5 3 Arena, ja, det kan v\u00e4l ocks\u00e5 vara en del av ett supporterskap?\u00a0<\/p>\n<p class=\"offer-nedryckare minifix\">Forts\u00e4tt l\u00e4sa<br \/>\u2013 gratis i en m\u00e5nad<\/p>\n<p class=\"puff alt minifix\">D\u00e4refter 69:-\/m\u00e5nad.<\/p>\n<p>\t<a id=\"paywallDigitalButton\" class=\"opab-button fill\" href=\"https:\/\/www.offside.org\/prenumeration\" data-order-url=\"https:\/\/www.offside.org\/reportage\/htff-hammarby\/\" rel=\"nofollow noopener\" target=\"_blank\">Testa nu<\/a><\/p>\n<p class=\"puff alt upc\">Har du redan ett konto? <a href=\"https:\/\/connectid.se\/user\/oauth\/authorize?response_type=code&amp;client_id=se.offsidepress&amp;redirect_uri=https%3A%2F%2Fwww.offside.org%2Freportage%2Fhtff-hammarby%2F%3Fflowy_paywall_callback\" class=\"login\" rel=\"nofollow noopener\" target=\"_blank\">Logga in<\/a> h\u00e4r.<\/p>\n<p>    Publicerad 19-11-2025 Artikeln \u00e4r skriven av <a href=\"https:\/\/www.offside.org\/skribent\/jonatan-haggstrom-wedding\/\" rel=\"tag nofollow noopener\" target=\"_blank\">Jonatan H\u00e4ggstr\u00f6m Wedding<\/a>.<\/p>\n","protected":false},"excerpt":{"rendered":"Reportaget finns \u00e4ven med i kommande nummer. En halvtimme in i Hammarby TFF:s match mot Assyriska fr\u00e5gar sig&hellip;\n","protected":false},"author":2,"featured_media":85425,"comment_status":"","ping_status":"","sticky":false,"template":"","format":"standard","meta":{"footnotes":""},"categories":[5],"tags":[9030,159,22,23,9031,26,27,3712,17,21,24,25,28,29,15,16,18,34,2222,31,33,32,30,19,20,9032],"class_list":{"0":"post-85424","1":"post","2":"type-post","3":"status-publish","4":"format-standard","5":"has-post-thumbnail","7":"category-rubriker","8":"tag-allsvenska-supportrar","9":"tag-allsvenskan","10":"tag-breaking-news","11":"tag-breakingnews","12":"tag-den-moderna-fotbollen","13":"tag-featured-news","14":"tag-featurednews","15":"tag-hammarby","16":"tag-headlines","17":"tag-huvudnyheter","18":"tag-latest-news","19":"tag-latestnews","20":"tag-main-news","21":"tag-mainnews","22":"tag-news","23":"tag-nyheter","24":"tag-rubriker","25":"tag-se","26":"tag-superettan","27":"tag-svenska","28":"tag-sverige","29":"tag-sweden","30":"tag-swedish","31":"tag-top-stories","32":"tag-topstories","33":"tag-ungdomsfotboll"},"share_on_mastodon":{"url":"https:\/\/pubeurope.com\/@se\/115580900803847460","error":""},"_links":{"self":[{"href":"https:\/\/www.europesays.com\/se\/wp-json\/wp\/v2\/posts\/85424","targetHints":{"allow":["GET"]}}],"collection":[{"href":"https:\/\/www.europesays.com\/se\/wp-json\/wp\/v2\/posts"}],"about":[{"href":"https:\/\/www.europesays.com\/se\/wp-json\/wp\/v2\/types\/post"}],"author":[{"embeddable":true,"href":"https:\/\/www.europesays.com\/se\/wp-json\/wp\/v2\/users\/2"}],"replies":[{"embeddable":true,"href":"https:\/\/www.europesays.com\/se\/wp-json\/wp\/v2\/comments?post=85424"}],"version-history":[{"count":0,"href":"https:\/\/www.europesays.com\/se\/wp-json\/wp\/v2\/posts\/85424\/revisions"}],"wp:featuredmedia":[{"embeddable":true,"href":"https:\/\/www.europesays.com\/se\/wp-json\/wp\/v2\/media\/85425"}],"wp:attachment":[{"href":"https:\/\/www.europesays.com\/se\/wp-json\/wp\/v2\/media?parent=85424"}],"wp:term":[{"taxonomy":"category","embeddable":true,"href":"https:\/\/www.europesays.com\/se\/wp-json\/wp\/v2\/categories?post=85424"},{"taxonomy":"post_tag","embeddable":true,"href":"https:\/\/www.europesays.com\/se\/wp-json\/wp\/v2\/tags?post=85424"}],"curies":[{"name":"wp","href":"https:\/\/api.w.org\/{rel}","templated":true}]}}