{"id":8547,"date":"2025-08-19T10:56:10","date_gmt":"2025-08-19T10:56:10","guid":{"rendered":"https:\/\/www.europesays.com\/se\/8547\/"},"modified":"2025-08-19T10:56:10","modified_gmt":"2025-08-19T10:56:10","slug":"jessica-stegrud-sd-sagar-regeringens-linje-om-patienter-fran-gaza","status":"publish","type":"post","link":"https:\/\/www.europesays.com\/se\/8547\/","title":{"rendered":"Jessica Stegrud (SD) s\u00e5gar regeringens linje om patienter fr\u00e5n Gaza"},"content":{"rendered":"<p>Publicerad 19 aug 2025 kl 10.09Uppdaterad kl 12.01<\/p>\n<p>Regeringen utesluter inte v\u00e5rd av patienter fr\u00e5n Gaza.\u00a0<\/p>\n<p>Linjen kritiseras nu av Sverigedemokraterna.<\/p>\n<p>\u2013 Vi tycker att det \u00e4r en felprioritering, s\u00e4ger SD-toppen Jessica Stegrud.<\/p>\n<p>Nyheter, reportage och analyser i Sverige och i \u00f6vriga v\u00e4rlden.<img   alt=\"\"\/><\/p>\n<p>Jessica Stegrud f\u00f6retr\u00e4der SD i socialutskottet.<\/p>\n<p>Foto: CHRISTIAN \u00d6RNBERG<\/p>\n<p>Sveriges m\u00f6jligheter att v\u00e5rda patienter fr\u00e5n krigets Gaza har den senaste tiden v\u00e4ckt debatt. B\u00e5de delar av oppositionen och V\u00e5rdf\u00f6rbundet har kr\u00e4vt att skadade ska kunna f\u00f6ras hit, i likhet med hur en rad andra europeiska l\u00e4nder har agerat.<\/p>\n<p>Regeringens linje har hittills varit att det inte \u00e4r aktuellt, men p\u00e5 m\u00e5ndagen rapporterade <a href=\"https:\/\/lakartidningen.se\/aktuellt\/nyheter\/2025\/08\/sjukvardsministern-utesluter-inte-vard-av-patienter-fran-gaza\/\" rel=\"nofollow noopener\" target=\"_blank\">L\u00e4kartidningen<\/a> att sjukv\u00e5rdsministern Acko Ankarberg Johansson (KD) inte utesluter att ta emot patienter f\u00f6r v\u00e5rd i Sverige, som komplement till st\u00f6d p\u00e5 plats.<\/p>\n<p>Uttalandet, som hon gav i en skriftlig fr\u00e5ga till Milj\u00f6partiets spr\u00e5kr\u00f6r Daniel Helld\u00e9n, tolkas av flera som att regeringen har sv\u00e4ngt i fr\u00e5gan, d\u00e4ribland samarbetspartiet <a href=\"https:\/\/www.expressen.se\/tagg\/organization\/sverigedemokraterna\/\" class=\"\" rel=\"nofollow noopener\" target=\"_blank\">Sverigedemokraterna<\/a>.\u00a0<\/p>\n<p>SD-toppen: \u201dBehj\u00e4rtansv\u00e4rt\u201d<\/p>\n<p>Jessica Stegrud, som f\u00f6retr\u00e4der SD i socialutskottet, \u00e4r kritisk och pekar p\u00e5 r\u00e5dande resurs- och kapacitetsbrist i v\u00e5rden.<\/p>\n<p>\u2013 V\u00e5rdf\u00f6rbundet larmar om stressad personal, personal som slutar, v\u00e5rdk\u00f6er och annat. Vi har stora problem inom delar av svensk sjukv\u00e5rd och d\u00e5 tycker vi att svenska skattebetalare m\u00e5ste prioriteras, \u00e4ven om det \u00e4r behj\u00e4rtansv\u00e4rt, s\u00e4ger hon.<\/p>\n<p><img loading=\"lazy\"   alt=\"\"\/><\/p>\n<p>Sverige utesluter inte att ta emot patienter fr\u00e5n Gaza, enligt sjukv\u00e5rdsminister Acko Ankarberg Johansson (KD).<\/p>\n<p>Foto: PELLE T NILSSON \/ SPA<\/p>\n<p>Stegrud ifr\u00e5gas\u00e4tter ocks\u00e5 att debatten handlar om patienter fr\u00e5n Gaza, n\u00e4r det finns m\u00e4nniskor i n\u00f6d p\u00e5 m\u00e5nga platser i v\u00e4rlden.<\/p>\n<p>\u2013 Det finns ju andra p\u00e5g\u00e5ende konflikter d\u00e4r man skulle kunna h\u00e4vda att vi ocks\u00e5 borde hj\u00e4lpa till i s\u00e5 fall.<\/p>\n<p><strong>Finns det n\u00e5got l\u00e4ge d\u00e4r SD hade kunnat \u00f6ppna f\u00f6r att ta emot patienter fr\u00e5n Gaza?<\/strong><\/p>\n<p>\u2013 Det \u00e4r helt fiktivt. I grund och botten finns det flera rika n\u00e4rliggande l\u00e4nder med v\u00e5rdkapacitet som kan g\u00f6ra sitt. Vi g\u00f6r redan otroligt mycket i form av bist\u00e5nd, och vi har tagit emot v\u00e4ldigt m\u00e5nga migranter under 20-30 \u00e5rs tid, s\u00e4ger Stegrud.\u00a0<\/p>\n<p>Ministern: Ingen ny linje<\/p>\n<p>Enligt Jessica Stegrud kan det bli en valfr\u00e5ga f\u00f6r Sverigedemokraterna, om regeringen g\u00e5r vidare med att ta emot skadade fr\u00e5n Gaza.<\/p>\n<p>\u2013 Den som verkligen vill ta emot andra l\u00e4nders medborgare m\u00e5ste st\u00e4lla sig fr\u00e5gan, vilken svensk patient ska vi s\u00e4ga nej till? F\u00f6r det \u00e4r vad det handlar om.<\/p>\n<p>Expressen har s\u00f6kt Acko Ankarberg Johansson, som avb\u00f6jer att kommentera. Enligt sjukv\u00e5rdsministerns pressekreterare driver regeringen ingen ny linje i fr\u00e5gan, utan har gett liknande svar under det senaste \u00e5ret. Man po\u00e4ngterar ocks\u00e5 till att TT har <a href=\"https:\/\/www.expressen.se\/nyheter\/sverige\/ministern-svanger-om-patienter-fran-gaza\/\" rel=\"nofollow noopener\" target=\"_blank\">bytt sin rubrik<\/a>, fr\u00e5n \u201dMinistern sv\u00e4nger om patienter fr\u00e5n Gaza\u201d till \u201dMinistern utesluter inte v\u00e5rd av Gaza-patienter\u201d.<\/p>\n","protected":false},"excerpt":{"rendered":"Publicerad 19 aug 2025 kl 10.09Uppdaterad kl 12.01 Regeringen utesluter inte v\u00e5rd av patienter fr\u00e5n Gaza.\u00a0 Linjen kritiseras&hellip;\n","protected":false},"author":2,"featured_media":8548,"comment_status":"","ping_status":"","sticky":false,"template":"","format":"standard","meta":{"footnotes":""},"categories":[5],"tags":[22,23,26,27,17,21,24,25,28,29,15,16,38,1272,1271,18,34,154,31,33,32,30,19,485,20],"class_list":{"0":"post-8547","1":"post","2":"type-post","3":"status-publish","4":"format-standard","5":"has-post-thumbnail","7":"category-rubriker","8":"tag-breaking-news","9":"tag-breakingnews","10":"tag-featured-news","11":"tag-featurednews","12":"tag-headlines","13":"tag-huvudnyheter","14":"tag-latest-news","15":"tag-latestnews","16":"tag-main-news","17":"tag-mainnews","18":"tag-news","19":"tag-nyheter","20":"tag-organization-sverigedemokraterna","21":"tag-person-acko-ankarberg-johansson","22":"tag-person-jessica-stegrud","23":"tag-rubriker","24":"tag-se","25":"tag-sections-sverige","26":"tag-svenska","27":"tag-sverige","28":"tag-sweden","29":"tag-swedish","30":"tag-top-stories","31":"tag-topic-politik","32":"tag-topstories"},"share_on_mastodon":{"url":"","error":""},"_links":{"self":[{"href":"https:\/\/www.europesays.com\/se\/wp-json\/wp\/v2\/posts\/8547","targetHints":{"allow":["GET"]}}],"collection":[{"href":"https:\/\/www.europesays.com\/se\/wp-json\/wp\/v2\/posts"}],"about":[{"href":"https:\/\/www.europesays.com\/se\/wp-json\/wp\/v2\/types\/post"}],"author":[{"embeddable":true,"href":"https:\/\/www.europesays.com\/se\/wp-json\/wp\/v2\/users\/2"}],"replies":[{"embeddable":true,"href":"https:\/\/www.europesays.com\/se\/wp-json\/wp\/v2\/comments?post=8547"}],"version-history":[{"count":0,"href":"https:\/\/www.europesays.com\/se\/wp-json\/wp\/v2\/posts\/8547\/revisions"}],"wp:featuredmedia":[{"embeddable":true,"href":"https:\/\/www.europesays.com\/se\/wp-json\/wp\/v2\/media\/8548"}],"wp:attachment":[{"href":"https:\/\/www.europesays.com\/se\/wp-json\/wp\/v2\/media?parent=8547"}],"wp:term":[{"taxonomy":"category","embeddable":true,"href":"https:\/\/www.europesays.com\/se\/wp-json\/wp\/v2\/categories?post=8547"},{"taxonomy":"post_tag","embeddable":true,"href":"https:\/\/www.europesays.com\/se\/wp-json\/wp\/v2\/tags?post=8547"}],"curies":[{"name":"wp","href":"https:\/\/api.w.org\/{rel}","templated":true}]}}