{"id":85712,"date":"2025-11-20T14:10:17","date_gmt":"2025-11-20T14:10:17","guid":{"rendered":"https:\/\/www.europesays.com\/se\/85712\/"},"modified":"2025-11-20T14:10:17","modified_gmt":"2025-11-20T14:10:17","slug":"konsulterna-tog-over-sigtuna-upphandling24","status":"publish","type":"post","link":"https:\/\/www.europesays.com\/se\/85712\/","title":{"rendered":"Konsulterna tog \u00f6ver Sigtuna &#8211; Upphandling24"},"content":{"rendered":"<p>        <img width=\"650\" height=\"325\" class=\"attachment-thumbnail-large size-thumbnail-large lazyload\" alt=\"Sigtuna kommunhus\" decoding=\"async\" fetchpriority=\"high\" src=\"https:\/\/www.europesays.com\/se\/wp-content\/uploads\/2025\/11\/www.sigtuna.jpg\"  data- data-eio-rwidth=\"650\" data-eio-rheight=\"325\"\/>        <\/p>\n<p>Det \u00e4r n\u00e5gra delar i konsulth\u00e4rvan inom Sigtuna kommun, som SvT:s Uppdrag granskning <a href=\"https:\/\/www.svtplay.se\/video\/KN3DEvB\/uppdrag-granskning\/konsultnotan\" rel=\"nofollow noopener\" target=\"_blank\">lyfte fram i ett reportage ig\u00e5r kv\u00e4ll.<\/a><\/p>\n<p>Exemplet Sigtuna s\u00e4tter fenomenet med konsultm\u00e4klare under lupp.<\/p>\n<p>                <a data-no-instant=\"1\" href=\"https:\/\/b3.se\/kontakt\/specialistbolag\/b3-upphandling\" rel=\"noopener nofollow\" class=\"a2t-link\" target=\"_blank\" aria-label=\"B3 modul\"><img loading=\"lazy\" alt=\"\" width=\"600\" height=\"300\" src=\"https:\/\/www.europesays.com\/se\/wp-content\/uploads\/2025\/11\/B3-modul.jpg\" decoding=\"async\"  data- class=\"lazyload\" data-eio-rwidth=\"600\" data-eio-rheight=\"300\"\/><\/a>            <\/p>\n<p>Marknaden f\u00f6r konsultm\u00e4klare har v\u00e4xt fr\u00e5n att oms\u00e4tta runt en miljard kronor 2013 till numera omkring sju miljarder \u00e5rligen, vilket Innovationsf\u00f6retagen <a href=\"https:\/\/www.innovationsforetagen.se\/konsultmaklare\/\" rel=\"nofollow noopener\" target=\"_blank\">speglat i \u00e5terkommande rapporter<\/a>.<\/p>\n<p>Olle Lundin, professor i f\u00f6rvaltningsr\u00e4tt, \u00e4r kritisk mot det han ser som ett uppl\u00e4gg \u201df\u00f6r att slippa till\u00e4mpa LOU\u201d.<\/p>\n<p>\u2013 Den centrala fr\u00e5gan \u00e4r framf\u00f6r allt vem som vinner p\u00e5 det h\u00e4r. Och det \u00e4r ganska vanligt att man finner personella kopplingar n\u00e4r man b\u00f6rjar lyfta p\u00e5 olika stenar, s\u00e4ger Olle Lundin.<\/p>\n<p>SvT har \u00e4ven fr\u00e5gat runt bland svenska kommuner om konsultm\u00e4klare och f\u00e5tt h\u00f6gst skiftande svar \u2013 fr\u00e5n att det ses som en l\u00e4mplig modell till att kommuner som S\u00e4ffle och Eker\u00f6 st\u00e4mplar konsultm\u00e4klare som of\u00f6renligt med LOU.<\/p>\n<p>Sigtuna kommun har ITC som konsultm\u00e4klare och f\u00f6rsvarar modellen med en mellanhand med att det godk\u00e4nts av Konkurrensverket.<\/p>\n<p>Kommundirekt\u00f6r Daniel Lindqvist medger samtidigt problem med en insynsskygg bransch. SvT-reportern Lena Sundstr\u00f6m f\u00f6rbluffas i reportaget \u00f6ver en ovilja att ge svar p\u00e5 enkla faktafr\u00e5gor, st\u00e4ngda d\u00f6rrar och konsulter som g\u00f6mmer sg.<\/p>\n<p>\u2013 Det \u00e4r absolut en utmaning. Men det \u00e4r inte jag som s\u00e4tter regelverket f\u00f6r vad enskilda konsulter v\u00e4ljer att svara p\u00e5 n\u00e4r en journalist h\u00f6r av sig. Men jag h\u00e5ller med dig: det finns ett problem med det, s\u00e4ger Daniel Lindqvist.<\/p>\n<p>Upphandling24 har tidigare skrivit om den <a href=\"https:\/\/upphandling24.se\/tva-parter-samma-konsult\/\" rel=\"nofollow noopener\" target=\"_blank\">granskning av konsulter<\/a> som Sigtuna kommun best\u00e4llt och som visat stora brister.<\/p>\n<p>Det mest flagranta \u00f6vertrampet var m\u00f6jligen den konsult som hyrdes in till kommunen och som i best\u00e4llarrollen anlitade konsulter fr\u00e5n det bolag d\u00e4r hon sj\u00e4lv var vd.<\/p>\n<p>SVT-granskningen och rapporten fr\u00e5n Azets visar ocks\u00e5 anst\u00e4llda som st\u00e4llt fr\u00e5gor om upphandlingar och fakturor f\u00e5tt sluta eller hamnat p\u00e5 \u201dsvarta listan\u201d och att konsultkostnaderna skenat med l\u00e5g bemanning av egen personal i vissa projekt.<\/p>\n<p>En chef utpekas i rapporten som ansvarig f\u00f6r felaktiga avrop och f\u00f6r den kraftiga \u00f6kningen av konsulter, n\u00e5got han f\u00f6rsvarat med att det byggt p\u00e5 en uppmaning fr\u00e5n den politiska ledningen om att \u201d\u00f6ka andelen extern kompetens\u201d. Under h\u00f6sten har han fr\u00e5ntagits sitt chefsuppdrag, men med fortsatt anst\u00e4llning i Sigtuna kommun.<\/p>\n<p>Sigtuna kommun har p\u00e5 sin webbplats<a href=\"https:\/\/www.sigtuna.se\/nyheter\/nya-nyhetsarkiv\/kommun-och-politik\/2025-11-19-svts-granskning-och-var-utredning---sa-arbetar-vi-med-fragorna.html\" rel=\"nofollow noopener\" target=\"_blank\"> kommenterat de olika granskningarna<\/a>.<\/p>\n","protected":false},"excerpt":{"rendered":"Det \u00e4r n\u00e5gra delar i konsulth\u00e4rvan inom Sigtuna kommun, som SvT:s Uppdrag granskning lyfte fram i ett reportage&hellip;\n","protected":false},"author":2,"featured_media":85713,"comment_status":"","ping_status":"","sticky":false,"template":"","format":"standard","meta":{"footnotes":""},"categories":[12],"tags":[22,23,26,27,17,21,24,25,28,29,15,16,18,34,31,33,32,30,19,20],"class_list":{"0":"post-85712","1":"post","2":"type-post","3":"status-publish","4":"format-standard","5":"has-post-thumbnail","7":"category-sverige","8":"tag-breaking-news","9":"tag-breakingnews","10":"tag-featured-news","11":"tag-featurednews","12":"tag-headlines","13":"tag-huvudnyheter","14":"tag-latest-news","15":"tag-latestnews","16":"tag-main-news","17":"tag-mainnews","18":"tag-news","19":"tag-nyheter","20":"tag-rubriker","21":"tag-se","22":"tag-svenska","23":"tag-sverige","24":"tag-sweden","25":"tag-swedish","26":"tag-top-stories","27":"tag-topstories"},"share_on_mastodon":{"url":"https:\/\/pubeurope.com\/@se\/115582430577035148","error":""},"_links":{"self":[{"href":"https:\/\/www.europesays.com\/se\/wp-json\/wp\/v2\/posts\/85712","targetHints":{"allow":["GET"]}}],"collection":[{"href":"https:\/\/www.europesays.com\/se\/wp-json\/wp\/v2\/posts"}],"about":[{"href":"https:\/\/www.europesays.com\/se\/wp-json\/wp\/v2\/types\/post"}],"author":[{"embeddable":true,"href":"https:\/\/www.europesays.com\/se\/wp-json\/wp\/v2\/users\/2"}],"replies":[{"embeddable":true,"href":"https:\/\/www.europesays.com\/se\/wp-json\/wp\/v2\/comments?post=85712"}],"version-history":[{"count":0,"href":"https:\/\/www.europesays.com\/se\/wp-json\/wp\/v2\/posts\/85712\/revisions"}],"wp:featuredmedia":[{"embeddable":true,"href":"https:\/\/www.europesays.com\/se\/wp-json\/wp\/v2\/media\/85713"}],"wp:attachment":[{"href":"https:\/\/www.europesays.com\/se\/wp-json\/wp\/v2\/media?parent=85712"}],"wp:term":[{"taxonomy":"category","embeddable":true,"href":"https:\/\/www.europesays.com\/se\/wp-json\/wp\/v2\/categories?post=85712"},{"taxonomy":"post_tag","embeddable":true,"href":"https:\/\/www.europesays.com\/se\/wp-json\/wp\/v2\/tags?post=85712"}],"curies":[{"name":"wp","href":"https:\/\/api.w.org\/{rel}","templated":true}]}}