{"id":85714,"date":"2025-11-20T14:11:11","date_gmt":"2025-11-20T14:11:11","guid":{"rendered":"https:\/\/www.europesays.com\/se\/85714\/"},"modified":"2025-11-20T14:11:11","modified_gmt":"2025-11-20T14:11:11","slug":"sparandet-okar-hushallen-koper-fonder-och-aktier","status":"publish","type":"post","link":"https:\/\/www.europesays.com\/se\/85714\/","title":{"rendered":"Sparandet \u00f6kar \u2013 hush\u00e5llen k\u00f6per fonder och aktier"},"content":{"rendered":"<p>L\u00e4gre uttag<\/p>\n<p class=\"font-sans text-base text-text-main dark:text-text-main-dark font-normal leading-[1.4]\">Hush\u00e5llen gjorde samtidigt nettouttag fr\u00e5n bankkonton p\u00e5 6 miljarder, markant l\u00e4gre \u00e4n samma period 2024 d\u00e5 motsvarande belopp l\u00e5g p\u00e5 16 miljarder. <\/p>\n<p class=\"font-sans text-base text-text-main dark:text-text-main-dark font-normal leading-[1.4]\">Den \u00e5rliga tillv\u00e4xttakten f\u00f6r hush\u00e5llens bol\u00e5n uppgick till 2,5%. <\/p>\n<p class=\"font-sans text-base text-text-main dark:text-text-main-dark font-normal leading-[1.4]\">&#8221;Hush\u00e5llens nettouppl\u00e5ning under kvartalet uppgick till 41 miljarder kronor. Det \u00e4r en \u00f6kning med 20 miljarder kronor j\u00e4mf\u00f6rt med samma kvartal f\u00f6reg\u00e5ende \u00e5r&#8221;, skriver SCB. <\/p>\n","protected":false},"excerpt":{"rendered":"L\u00e4gre uttag Hush\u00e5llen gjorde samtidigt nettouttag fr\u00e5n bankkonton p\u00e5 6 miljarder, markant l\u00e4gre \u00e4n samma period 2024 d\u00e5&hellip;\n","protected":false},"author":2,"featured_media":85715,"comment_status":"","ping_status":"","sticky":false,"template":"","format":"standard","meta":{"footnotes":""},"categories":[5],"tags":[22,23,26,27,17,21,24,25,28,29,15,16,18,34,1142,31,33,32,30,19,20],"class_list":{"0":"post-85714","1":"post","2":"type-post","3":"status-publish","4":"format-standard","5":"has-post-thumbnail","7":"category-rubriker","8":"tag-breaking-news","9":"tag-breakingnews","10":"tag-featured-news","11":"tag-featurednews","12":"tag-headlines","13":"tag-huvudnyheter","14":"tag-latest-news","15":"tag-latestnews","16":"tag-main-news","17":"tag-mainnews","18":"tag-news","19":"tag-nyheter","20":"tag-rubriker","21":"tag-se","22":"tag-sparande","23":"tag-svenska","24":"tag-sverige","25":"tag-sweden","26":"tag-swedish","27":"tag-top-stories","28":"tag-topstories"},"share_on_mastodon":{"url":"https:\/\/pubeurope.com\/@se\/115582434207596446","error":""},"_links":{"self":[{"href":"https:\/\/www.europesays.com\/se\/wp-json\/wp\/v2\/posts\/85714","targetHints":{"allow":["GET"]}}],"collection":[{"href":"https:\/\/www.europesays.com\/se\/wp-json\/wp\/v2\/posts"}],"about":[{"href":"https:\/\/www.europesays.com\/se\/wp-json\/wp\/v2\/types\/post"}],"author":[{"embeddable":true,"href":"https:\/\/www.europesays.com\/se\/wp-json\/wp\/v2\/users\/2"}],"replies":[{"embeddable":true,"href":"https:\/\/www.europesays.com\/se\/wp-json\/wp\/v2\/comments?post=85714"}],"version-history":[{"count":0,"href":"https:\/\/www.europesays.com\/se\/wp-json\/wp\/v2\/posts\/85714\/revisions"}],"wp:featuredmedia":[{"embeddable":true,"href":"https:\/\/www.europesays.com\/se\/wp-json\/wp\/v2\/media\/85715"}],"wp:attachment":[{"href":"https:\/\/www.europesays.com\/se\/wp-json\/wp\/v2\/media?parent=85714"}],"wp:term":[{"taxonomy":"category","embeddable":true,"href":"https:\/\/www.europesays.com\/se\/wp-json\/wp\/v2\/categories?post=85714"},{"taxonomy":"post_tag","embeddable":true,"href":"https:\/\/www.europesays.com\/se\/wp-json\/wp\/v2\/tags?post=85714"}],"curies":[{"name":"wp","href":"https:\/\/api.w.org\/{rel}","templated":true}]}}