{"id":85720,"date":"2025-11-20T14:18:26","date_gmt":"2025-11-20T14:18:26","guid":{"rendered":"https:\/\/www.europesays.com\/se\/85720\/"},"modified":"2025-11-20T14:18:26","modified_gmt":"2025-11-20T14:18:26","slug":"misstankta-tjuvar-sparades-i-snon-expressen","status":"publish","type":"post","link":"https:\/\/www.europesays.com\/se\/85720\/","title":{"rendered":"Misst\u00e4nkta tjuvar sp\u00e5rades i sn\u00f6n &#8211; Expressen"},"content":{"rendered":"<ol>\n<li><a href=\"https:\/\/news.google.com\/rss\/articles\/CBMilwFBVV95cUxNc1d1Rm11d0phSExEemd4NENCVXNnallTSllUOU94X0VnbEMyQWNiTzB3b1BVc2hGdzRxdzRIRjB5OFphZzhNUjJ0RFRzakVEaTNMdHo1ZFcwQnVCSHFaamdISjlZVERaMEZNSHJjRHZZRTE1U0JueGhzNkt5bkk2QVhvcGwtVVIwTkZlTEpWQlNrckYyaW0w?oc=5\" target=\"_blank\" rel=\"nofollow noopener\">Misst\u00e4nkta tjuvar sp\u00e5rades i sn\u00f6n<\/a>&nbsp;&nbsp;Expressen<\/li>\n<li><a href=\"https:\/\/news.google.com\/rss\/articles\/CBMiigFBVV95cUxPNUdkbkJhN3BfWkJZeGpoeVpNX3BhdDZWa0p2QzB1ZEM5cS1UWXVNbUpseDZJMEpFb21SY0lYcUFjT1FVZ2ZoNzlOMFp1aExJVlBneXNZRmowZEdDNmNkUk12aWFlai1SLVNkY05tQUxMcE1CenYyem52amNYVnkySjR3cnJUSm52NWc?oc=5\" target=\"_blank\" rel=\"nofollow noopener\">Grannarna sp\u00e5rade och f\u00e5ngade in misst\u00e4nkta tjuvar<\/a>&nbsp;&nbsp;Aftonbladet<\/li>\n<li><a href=\"https:\/\/news.google.com\/rss\/articles\/CBMilwFBVV95cUxQM0owOS1xWDlfUEJHTU4yeEMxVXlSRndtdXBxY18tOXROVUdaZzJXajc4dElfMmowbEpoN0lxNzdfUnpDZDRpQzRvWjFpTkhHam5fRWg1TFEwNS12U2ViRjFzSVB1elVfSUVTNE0wMm4tdFhRVVVrUDZnYmxMSWZ5dXJtTlBnZHhSYVlHajRXR1kxM291ZjVJ?oc=5\" target=\"_blank\" rel=\"nofollow noopener\">Tv\u00e5 m\u00e4n gripna efter st\u00f6ldf\u00f6rs\u00f6k \u2013 sp\u00e5rades i sn\u00f6n<\/a>&nbsp;&nbsp;Kristianstadsbladet<\/li>\n<li><a href=\"https:\/\/news.google.com\/rss\/articles\/CBMiXkFVX3lxTFBqbVc4TTZELUpQWmQyRTdkZUNwdkdacC1sSGpjRzFYd3lveUJBUWY2ZWh0UDAtT2c2ZWw3QmRxbFE5TEVjNkVxR3did2FtVDFpLWRqOVdrcThqYnBPZnc?oc=5\" target=\"_blank\" rel=\"nofollow noopener\">Greps efter att ha rotat i bil \u2013 grannar sp\u00e5rade i sn\u00f6n<\/a>&nbsp;&nbsp;TV4 Nyheterna<\/li>\n<li><a href=\"https:\/\/news.google.com\/rss\/articles\/CBMimwFBVV95cUxORF9sVDR6aWVmUzVndTRvOVNsNnMwT3BNUWc1dWhxQWV1UzdnRlNuNXdNVDZGNzJHUzRPOERmVHM3eTI3ckxPRkF1RDJrNFFlam5BTW1SQVBycnBfelNtaVFlV3dUV1FOLXNhaFQ0Wk0tdnRTZXcyakR0RkNWV0NMbVdmWmhvZ1RRZExFclRfVDlSMnZJc3dGa3gzWQ?oc=5\" target=\"_blank\" rel=\"nofollow noopener\">Maskerade m\u00e4n gripna \u2013 grannar sp\u00e5rade i sn\u00f6n<\/a>&nbsp;&nbsp;TV4 Nyheterna<\/li>\n<\/ol>\n","protected":false},"excerpt":{"rendered":"Misst\u00e4nkta tjuvar sp\u00e5rades i sn\u00f6n&nbsp;&nbsp;Expressen Grannarna sp\u00e5rade och f\u00e5ngade in misst\u00e4nkta tjuvar&nbsp;&nbsp;Aftonbladet Tv\u00e5 m\u00e4n gripna efter st\u00f6ldf\u00f6rs\u00f6k \u2013&hellip;\n","protected":false},"author":2,"featured_media":39,"comment_status":"","ping_status":"","sticky":false,"template":"","format":"standard","meta":{"footnotes":""},"categories":[12],"tags":[22,23,26,27,35,17,21,24,25,28,29,15,16,18,34,31,33,32,30,19,20],"class_list":{"0":"post-85720","1":"post","2":"type-post","3":"status-publish","4":"format-standard","5":"has-post-thumbnail","7":"category-sverige","8":"tag-breaking-news","9":"tag-breakingnews","10":"tag-featured-news","11":"tag-featurednews","12":"tag-function-ta-bort-ai-rost","13":"tag-headlines","14":"tag-huvudnyheter","15":"tag-latest-news","16":"tag-latestnews","17":"tag-main-news","18":"tag-mainnews","19":"tag-news","20":"tag-nyheter","21":"tag-rubriker","22":"tag-se","23":"tag-svenska","24":"tag-sverige","25":"tag-sweden","26":"tag-swedish","27":"tag-top-stories","28":"tag-topstories"},"share_on_mastodon":{"url":"https:\/\/pubeurope.com\/@se\/115582461772332338","error":""},"_links":{"self":[{"href":"https:\/\/www.europesays.com\/se\/wp-json\/wp\/v2\/posts\/85720","targetHints":{"allow":["GET"]}}],"collection":[{"href":"https:\/\/www.europesays.com\/se\/wp-json\/wp\/v2\/posts"}],"about":[{"href":"https:\/\/www.europesays.com\/se\/wp-json\/wp\/v2\/types\/post"}],"author":[{"embeddable":true,"href":"https:\/\/www.europesays.com\/se\/wp-json\/wp\/v2\/users\/2"}],"replies":[{"embeddable":true,"href":"https:\/\/www.europesays.com\/se\/wp-json\/wp\/v2\/comments?post=85720"}],"version-history":[{"count":0,"href":"https:\/\/www.europesays.com\/se\/wp-json\/wp\/v2\/posts\/85720\/revisions"}],"wp:featuredmedia":[{"embeddable":true,"href":"https:\/\/www.europesays.com\/se\/wp-json\/wp\/v2\/media\/39"}],"wp:attachment":[{"href":"https:\/\/www.europesays.com\/se\/wp-json\/wp\/v2\/media?parent=85720"}],"wp:term":[{"taxonomy":"category","embeddable":true,"href":"https:\/\/www.europesays.com\/se\/wp-json\/wp\/v2\/categories?post=85720"},{"taxonomy":"post_tag","embeddable":true,"href":"https:\/\/www.europesays.com\/se\/wp-json\/wp\/v2\/tags?post=85720"}],"curies":[{"name":"wp","href":"https:\/\/api.w.org\/{rel}","templated":true}]}}