{"id":85731,"date":"2025-11-20T14:27:16","date_gmt":"2025-11-20T14:27:16","guid":{"rendered":"https:\/\/www.europesays.com\/se\/85731\/"},"modified":"2025-11-20T14:27:16","modified_gmt":"2025-11-20T14:27:16","slug":"regeringen-uppmanas-gora-mer-mot-barnsexdockorna","status":"publish","type":"post","link":"https:\/\/www.europesays.com\/se\/85731\/","title":{"rendered":"Regeringen uppmanas g\u00f6ra mer mot barnsexdockorna"},"content":{"rendered":"<p>Ett enigt justitieutskott uppmanar regeringen att g\u00f6ra mer f\u00f6r att stoppa f\u00f6rs\u00e4ljningen av barnliknande sexdockor, skriver TT. Dockorna har bland annat s\u00e5lts p\u00e5 Amazon och Shein.<\/p>\n<p>\u2013 Det handlar om att ge polisen i uppdrag att f\u00f6rb\u00e4ttra sitt arbete online, bland annat genom att stoppa internettrafik till sidor som fr\u00e4mjar sexuell exploatering av barn, s\u00e4ger utskottets vice ordf\u00f6rande Teresa Carvalho (S).<\/p>\n<p>Regeringen har sagt att dockorna kan r\u00e4knas som barnpornografi i Sverige och d\u00e4rmed vara olagliga. Socialtj\u00e4nstminister Camilla Waltersson Gr\u00f6nvall (M) har d\u00e4rf\u00f6r kallat till sig e-handelsf\u00f6retag f\u00f6r ett m\u00f6te den 28 november.<\/p>\n<p>Omni \u00e4r politiskt obundna och oberoende. Vi str\u00e4var efter att ge fler perspektiv p\u00e5 nyheterna. Har du fr\u00e5gor eller synpunkter kring v\u00e5r rapportering? <a href=\"https:\/\/omni.se\/regeringen-uppmanas-gora-mer-mot-barnsexdockorna\/a\/mailto:redaktion@omni.se\" class=\"ArticleActions_contactLink__W2F1M\" rel=\"nofollow noopener\" target=\"_blank\">Kontakta redaktionen<\/a><\/p>\n","protected":false},"excerpt":{"rendered":"Ett enigt justitieutskott uppmanar regeringen att g\u00f6ra mer f\u00f6r att stoppa f\u00f6rs\u00e4ljningen av barnliknande sexdockor, skriver TT. Dockorna&hellip;\n","protected":false},"author":2,"featured_media":85732,"comment_status":"","ping_status":"","sticky":false,"template":"","format":"standard","meta":{"footnotes":""},"categories":[5],"tags":[22,23,3150,1674,26,27,17,21,1558,120,24,25,28,29,551,15,16,3440,369,5850,18,34,1557,31,33,32,30,1559,19,20],"class_list":{"0":"post-85731","1":"post","2":"type-post","3":"status-publish","4":"format-standard","5":"has-post-thumbnail","7":"category-rubriker","8":"tag-breaking-news","9":"tag-breakingnews","10":"tag-camilla-waltersson-gronvall","11":"tag-e-handel","12":"tag-featured-news","13":"tag-featurednews","14":"tag-headlines","15":"tag-huvudnyheter","16":"tag-kriminalpolitik","17":"tag-lag-ratt","18":"tag-latest-news","19":"tag-latestnews","20":"tag-main-news","21":"tag-mainnews","22":"tag-moderaterna","23":"tag-news","24":"tag-nyheter","25":"tag-polismyndigheten","26":"tag-politik","27":"tag-rattspolitik","28":"tag-rubriker","29":"tag-se","30":"tag-socialdemokraterna","31":"tag-svenska","32":"tag-sverige","33":"tag-sweden","34":"tag-swedish","35":"tag-teresa-carvalho","36":"tag-top-stories","37":"tag-topstories"},"share_on_mastodon":{"url":"https:\/\/pubeurope.com\/@se\/115582497132936443","error":""},"_links":{"self":[{"href":"https:\/\/www.europesays.com\/se\/wp-json\/wp\/v2\/posts\/85731","targetHints":{"allow":["GET"]}}],"collection":[{"href":"https:\/\/www.europesays.com\/se\/wp-json\/wp\/v2\/posts"}],"about":[{"href":"https:\/\/www.europesays.com\/se\/wp-json\/wp\/v2\/types\/post"}],"author":[{"embeddable":true,"href":"https:\/\/www.europesays.com\/se\/wp-json\/wp\/v2\/users\/2"}],"replies":[{"embeddable":true,"href":"https:\/\/www.europesays.com\/se\/wp-json\/wp\/v2\/comments?post=85731"}],"version-history":[{"count":0,"href":"https:\/\/www.europesays.com\/se\/wp-json\/wp\/v2\/posts\/85731\/revisions"}],"wp:featuredmedia":[{"embeddable":true,"href":"https:\/\/www.europesays.com\/se\/wp-json\/wp\/v2\/media\/85732"}],"wp:attachment":[{"href":"https:\/\/www.europesays.com\/se\/wp-json\/wp\/v2\/media?parent=85731"}],"wp:term":[{"taxonomy":"category","embeddable":true,"href":"https:\/\/www.europesays.com\/se\/wp-json\/wp\/v2\/categories?post=85731"},{"taxonomy":"post_tag","embeddable":true,"href":"https:\/\/www.europesays.com\/se\/wp-json\/wp\/v2\/tags?post=85731"}],"curies":[{"name":"wp","href":"https:\/\/api.w.org\/{rel}","templated":true}]}}