{"id":85787,"date":"2025-11-20T15:56:17","date_gmt":"2025-11-20T15:56:17","guid":{"rendered":"https:\/\/www.europesays.com\/se\/85787\/"},"modified":"2025-11-20T15:56:17","modified_gmt":"2025-11-20T15:56:17","slug":"14-ars-fangelse-for-handgranatattack","status":"publish","type":"post","link":"https:\/\/www.europesays.com\/se\/85787\/","title":{"rendered":"14 \u00e5rs f\u00e4ngelse f\u00f6r handgranatattack"},"content":{"rendered":"<p>share-arrowDela<\/p>\n<p>unsaveSpara<\/p>\n<p>expand-left<\/p>\n<p>helsk\u00e4rm<img decoding=\"async\" class=\"image-asset hyperion-css-u06ts1\" data-test-tag=\"image-asset\" src=\"https:\/\/www.europesays.com\/se\/wp-content\/uploads\/2025\/11\/815f2bf0-c0e7-426a-a153-1bbc947063ba\"  alt=\"En 18-\u00e5rig man d\u00f6ms f\u00f6r att ha kastat in en handgranat i en l\u00e4genhet. Arkivbild.\"  loading=\"eager\" fetchpriority=\"high\" style=\"aspect-ratio:1900 \/ 1267\"\/>En 18-\u00e5rig man d\u00f6ms f\u00f6r att ha kastat in en handgranat i en l\u00e4genhet. Arkivbild. Foto: Jessica Gow\/TT<\/p>\n<p class=\"hyperion-css-1shl3oz\" data-test-tag=\"lead-text\">En 18-\u00e5rig man d\u00f6ms till 14 \u00e5rs f\u00e4ngelse f\u00f6r att ha kastat in en handgranat i en l\u00e4genhet i \u00d6rebro, rapporterar lokala medier.<\/p>\n<p class=\"hyperion-css-1v9qo5x\">H\u00e4ndelsen intr\u00e4ffade i maj i \u00e5r. Handgranaten tros ha kastats mot fel l\u00e4genhet. I huset bor en man med koppling till g\u00e4ngkriminalitet, men granaten exploderade i en kvinnas bostad.<\/p>\n<p class=\"hyperion-css-1v9qo5x\">Mannen f\u00e4lls f\u00f6r mordf\u00f6rs\u00f6k. F\u00f6rutom f\u00e4ngelsestraffet ska han \u00e4ven betala skadest\u00e5nd p\u00e5 290\u00a0000 kronor.<\/p>\n","protected":false},"excerpt":{"rendered":"share-arrowDela unsaveSpara expand-left helsk\u00e4rmEn 18-\u00e5rig man d\u00f6ms f\u00f6r att ha kastat in en handgranat i en l\u00e4genhet. Arkivbild.&hellip;\n","protected":false},"author":2,"featured_media":85788,"comment_status":"","ping_status":"","sticky":false,"template":"","format":"standard","meta":{"footnotes":""},"categories":[12],"tags":[22,23,26,27,17,21,24,25,28,29,15,16,18,34,31,33,32,30,19,20],"class_list":{"0":"post-85787","1":"post","2":"type-post","3":"status-publish","4":"format-standard","5":"has-post-thumbnail","7":"category-sverige","8":"tag-breaking-news","9":"tag-breakingnews","10":"tag-featured-news","11":"tag-featurednews","12":"tag-headlines","13":"tag-huvudnyheter","14":"tag-latest-news","15":"tag-latestnews","16":"tag-main-news","17":"tag-mainnews","18":"tag-news","19":"tag-nyheter","20":"tag-rubriker","21":"tag-se","22":"tag-svenska","23":"tag-sverige","24":"tag-sweden","25":"tag-swedish","26":"tag-top-stories","27":"tag-topstories"},"share_on_mastodon":{"url":"https:\/\/pubeurope.com\/@se\/115582847483269071","error":""},"_links":{"self":[{"href":"https:\/\/www.europesays.com\/se\/wp-json\/wp\/v2\/posts\/85787","targetHints":{"allow":["GET"]}}],"collection":[{"href":"https:\/\/www.europesays.com\/se\/wp-json\/wp\/v2\/posts"}],"about":[{"href":"https:\/\/www.europesays.com\/se\/wp-json\/wp\/v2\/types\/post"}],"author":[{"embeddable":true,"href":"https:\/\/www.europesays.com\/se\/wp-json\/wp\/v2\/users\/2"}],"replies":[{"embeddable":true,"href":"https:\/\/www.europesays.com\/se\/wp-json\/wp\/v2\/comments?post=85787"}],"version-history":[{"count":0,"href":"https:\/\/www.europesays.com\/se\/wp-json\/wp\/v2\/posts\/85787\/revisions"}],"wp:featuredmedia":[{"embeddable":true,"href":"https:\/\/www.europesays.com\/se\/wp-json\/wp\/v2\/media\/85788"}],"wp:attachment":[{"href":"https:\/\/www.europesays.com\/se\/wp-json\/wp\/v2\/media?parent=85787"}],"wp:term":[{"taxonomy":"category","embeddable":true,"href":"https:\/\/www.europesays.com\/se\/wp-json\/wp\/v2\/categories?post=85787"},{"taxonomy":"post_tag","embeddable":true,"href":"https:\/\/www.europesays.com\/se\/wp-json\/wp\/v2\/tags?post=85787"}],"curies":[{"name":"wp","href":"https:\/\/api.w.org\/{rel}","templated":true}]}}