{"id":85795,"date":"2025-11-20T16:05:17","date_gmt":"2025-11-20T16:05:17","guid":{"rendered":"https:\/\/www.europesays.com\/se\/85795\/"},"modified":"2025-11-20T16:05:17","modified_gmt":"2025-11-20T16:05:17","slug":"robert-bergqvist-varnar-for-nytt-kaos","status":"publish","type":"post","link":"https:\/\/www.europesays.com\/se\/85795\/","title":{"rendered":"Robert Bergqvist varnar f\u00f6r nytt kaos"},"content":{"rendered":"<p>Arbetsl\u00f6sheten fortsatte att stiga i USA i september. Samtidigt skapades f\u00e4rre jobb \u00e4n vanligt. Det visar nya siffror fr\u00e5n Bureau of labor statistics som presenterades p\u00e5 torsdagseftermiddagen. Siffrorna har f\u00f6rsenats av den rekordl\u00e5nga nedst\u00e4ngningen av den amerikanska statsapparaten. <\/p>\n<p>\u2013 Vi har en avmattning som p\u00e5g\u00e5r p\u00e5 amerikansk arbetsmarknad just nu, konstaterar Robert Bergqvist, senior ekonom p\u00e5 SEB.<\/p>\n","protected":false},"excerpt":{"rendered":"Arbetsl\u00f6sheten fortsatte att stiga i USA i september. Samtidigt skapades f\u00e4rre jobb \u00e4n vanligt. Det visar nya siffror&hellip;\n","protected":false},"author":2,"featured_media":85796,"comment_status":"","ping_status":"","sticky":false,"template":"","format":"standard","meta":{"footnotes":""},"categories":[5],"tags":[22,23,26,27,17,21,24,25,28,29,15,16,18,34,31,33,32,30,19,20],"class_list":{"0":"post-85795","1":"post","2":"type-post","3":"status-publish","4":"format-standard","5":"has-post-thumbnail","7":"category-rubriker","8":"tag-breaking-news","9":"tag-breakingnews","10":"tag-featured-news","11":"tag-featurednews","12":"tag-headlines","13":"tag-huvudnyheter","14":"tag-latest-news","15":"tag-latestnews","16":"tag-main-news","17":"tag-mainnews","18":"tag-news","19":"tag-nyheter","20":"tag-rubriker","21":"tag-se","22":"tag-svenska","23":"tag-sverige","24":"tag-sweden","25":"tag-swedish","26":"tag-top-stories","27":"tag-topstories"},"share_on_mastodon":{"url":"https:\/\/pubeurope.com\/@se\/115582882507815922","error":""},"_links":{"self":[{"href":"https:\/\/www.europesays.com\/se\/wp-json\/wp\/v2\/posts\/85795","targetHints":{"allow":["GET"]}}],"collection":[{"href":"https:\/\/www.europesays.com\/se\/wp-json\/wp\/v2\/posts"}],"about":[{"href":"https:\/\/www.europesays.com\/se\/wp-json\/wp\/v2\/types\/post"}],"author":[{"embeddable":true,"href":"https:\/\/www.europesays.com\/se\/wp-json\/wp\/v2\/users\/2"}],"replies":[{"embeddable":true,"href":"https:\/\/www.europesays.com\/se\/wp-json\/wp\/v2\/comments?post=85795"}],"version-history":[{"count":0,"href":"https:\/\/www.europesays.com\/se\/wp-json\/wp\/v2\/posts\/85795\/revisions"}],"wp:featuredmedia":[{"embeddable":true,"href":"https:\/\/www.europesays.com\/se\/wp-json\/wp\/v2\/media\/85796"}],"wp:attachment":[{"href":"https:\/\/www.europesays.com\/se\/wp-json\/wp\/v2\/media?parent=85795"}],"wp:term":[{"taxonomy":"category","embeddable":true,"href":"https:\/\/www.europesays.com\/se\/wp-json\/wp\/v2\/categories?post=85795"},{"taxonomy":"post_tag","embeddable":true,"href":"https:\/\/www.europesays.com\/se\/wp-json\/wp\/v2\/tags?post=85795"}],"curies":[{"name":"wp","href":"https:\/\/api.w.org\/{rel}","templated":true}]}}