{"id":85816,"date":"2025-11-20T16:41:07","date_gmt":"2025-11-20T16:41:07","guid":{"rendered":"https:\/\/www.europesays.com\/se\/85816\/"},"modified":"2025-11-20T16:41:07","modified_gmt":"2025-11-20T16:41:07","slug":"the-stone-roses-basist-ar-dod","status":"publish","type":"post","link":"https:\/\/www.europesays.com\/se\/85816\/","title":{"rendered":"The Stone Roses basist \u00e4r d\u00f6d"},"content":{"rendered":"<p>Gary &#8221;Mani&#8221; Mounfield \u00e4r d\u00f6d, rapporterar flera medier. Han var basist i de brittiska banden Stone Roses och Primal Scream och blev 63 \u00e5r gammal. <\/p>\n<p>&#8221;Det \u00e4r med djupaste sorg som jag m\u00e5ste meddela min brors sorgliga bortg\u00e5ng. Gary Mani Mounfield, vila i frid&#8221;, skriver hans bror p\u00e5 Facebook enligt Daily Mail. <\/p>\n<p>Det \u00e4r oklart vad som ligger bakom hans d\u00f6d.<\/p>\n<p>Omni \u00e4r politiskt obundna och oberoende. Vi str\u00e4var efter att ge fler perspektiv p\u00e5 nyheterna. Har du fr\u00e5gor eller synpunkter kring v\u00e5r rapportering? <a href=\"https:\/\/omni.se\/the-stone-roses-basist-ar-dod\/a\/mailto:redaktion@omni.se\" class=\"ArticleActions_contactLink__W2F1M\" rel=\"nofollow noopener\" target=\"_blank\">Kontakta redaktionen<\/a><\/p>\n","protected":false},"excerpt":{"rendered":"Gary &#8221;Mani&#8221; Mounfield \u00e4r d\u00f6d, rapporterar flera medier. Han var basist i de brittiska banden Stone Roses och&hellip;\n","protected":false},"author":2,"featured_media":85817,"comment_status":"","ping_status":"","sticky":false,"template":"","format":"standard","meta":{"footnotes":""},"categories":[67],"tags":[104,172,34,31,33,32,30,9170,105],"class_list":{"0":"post-85816","1":"post","2":"type-post","3":"status-publish","4":"format-standard","5":"has-post-thumbnail","7":"category-underhallning","8":"tag-entertainment","9":"tag-musik","10":"tag-se","11":"tag-svenska","12":"tag-sverige","13":"tag-sweden","14":"tag-swedish","15":"tag-the-stone-roses","16":"tag-underhallning"},"share_on_mastodon":{"url":"https:\/\/pubeurope.com\/@se\/115583024163148611","error":""},"_links":{"self":[{"href":"https:\/\/www.europesays.com\/se\/wp-json\/wp\/v2\/posts\/85816","targetHints":{"allow":["GET"]}}],"collection":[{"href":"https:\/\/www.europesays.com\/se\/wp-json\/wp\/v2\/posts"}],"about":[{"href":"https:\/\/www.europesays.com\/se\/wp-json\/wp\/v2\/types\/post"}],"author":[{"embeddable":true,"href":"https:\/\/www.europesays.com\/se\/wp-json\/wp\/v2\/users\/2"}],"replies":[{"embeddable":true,"href":"https:\/\/www.europesays.com\/se\/wp-json\/wp\/v2\/comments?post=85816"}],"version-history":[{"count":0,"href":"https:\/\/www.europesays.com\/se\/wp-json\/wp\/v2\/posts\/85816\/revisions"}],"wp:featuredmedia":[{"embeddable":true,"href":"https:\/\/www.europesays.com\/se\/wp-json\/wp\/v2\/media\/85817"}],"wp:attachment":[{"href":"https:\/\/www.europesays.com\/se\/wp-json\/wp\/v2\/media?parent=85816"}],"wp:term":[{"taxonomy":"category","embeddable":true,"href":"https:\/\/www.europesays.com\/se\/wp-json\/wp\/v2\/categories?post=85816"},{"taxonomy":"post_tag","embeddable":true,"href":"https:\/\/www.europesays.com\/se\/wp-json\/wp\/v2\/tags?post=85816"}],"curies":[{"name":"wp","href":"https:\/\/api.w.org\/{rel}","templated":true}]}}