{"id":85839,"date":"2025-11-20T17:13:09","date_gmt":"2025-11-20T17:13:09","guid":{"rendered":"https:\/\/www.europesays.com\/se\/85839\/"},"modified":"2025-11-20T17:13:09","modified_gmt":"2025-11-20T17:13:09","slug":"tareq-taylor-och-camilla-lackberg-slapper-jullat","status":"publish","type":"post","link":"https:\/\/www.europesays.com\/se\/85839\/","title":{"rendered":"Tareq Taylor och Camilla L\u00e4ckberg sl\u00e4pper jull\u00e5t"},"content":{"rendered":"<p>Kocken och tv-profilen Tareq Taylor ska sl\u00e4ppa en jull\u00e5t tillsammans med deckarf\u00f6rfattaren Camilla L\u00e4ckberg, skriver flera medier. L\u00e4ckberg ber\u00e4ttar om l\u00e5ten \u201d\u00c4lskling, du g\u00f6r julen s\u00e5 bra\u201d i radioprogrammet \u201dGry och morgong\u00e4nget\u201d. <\/p>\n<p>\u2013 Han sjunger ju v\u00e4ldigt, v\u00e4ldigt bra, s\u00e4ger hon.<\/p>\n<p>Taylor sjunger i l\u00e5ten, L\u00e4ckberg skriver texten och Thomas Th\u00f6rnholm st\u00e5r f\u00f6r musiken.<\/p>\n<p>Omni \u00e4r politiskt obundna och oberoende. Vi str\u00e4var efter att ge fler perspektiv p\u00e5 nyheterna. Har du fr\u00e5gor eller synpunkter kring v\u00e5r rapportering? <a href=\"https:\/\/omni.se\/tareq-taylor-och-camilla-lackberg-slapper-jullat\/a\/mailto:redaktion@omni.se\" class=\"ArticleActions_contactLink__W2F1M\" rel=\"nofollow noopener\" target=\"_blank\">Kontakta redaktionen<\/a><\/p>\n","protected":false},"excerpt":{"rendered":"Kocken och tv-profilen Tareq Taylor ska sl\u00e4ppa en jull\u00e5t tillsammans med deckarf\u00f6rfattaren Camilla L\u00e4ckberg, skriver flera medier. L\u00e4ckberg&hellip;\n","protected":false},"author":2,"featured_media":85840,"comment_status":"","ping_status":"","sticky":false,"template":"","format":"standard","meta":{"footnotes":""},"categories":[67],"tags":[5756,104,172,34,31,33,32,30,3128,105],"class_list":{"0":"post-85839","1":"post","2":"type-post","3":"status-publish","4":"format-standard","5":"has-post-thumbnail","7":"category-underhallning","8":"tag-camilla-lackberg","9":"tag-entertainment","10":"tag-musik","11":"tag-se","12":"tag-svenska","13":"tag-sverige","14":"tag-sweden","15":"tag-swedish","16":"tag-tareq-taylor","17":"tag-underhallning"},"share_on_mastodon":{"url":"https:\/\/pubeurope.com\/@se\/115583150060147929","error":""},"_links":{"self":[{"href":"https:\/\/www.europesays.com\/se\/wp-json\/wp\/v2\/posts\/85839","targetHints":{"allow":["GET"]}}],"collection":[{"href":"https:\/\/www.europesays.com\/se\/wp-json\/wp\/v2\/posts"}],"about":[{"href":"https:\/\/www.europesays.com\/se\/wp-json\/wp\/v2\/types\/post"}],"author":[{"embeddable":true,"href":"https:\/\/www.europesays.com\/se\/wp-json\/wp\/v2\/users\/2"}],"replies":[{"embeddable":true,"href":"https:\/\/www.europesays.com\/se\/wp-json\/wp\/v2\/comments?post=85839"}],"version-history":[{"count":0,"href":"https:\/\/www.europesays.com\/se\/wp-json\/wp\/v2\/posts\/85839\/revisions"}],"wp:featuredmedia":[{"embeddable":true,"href":"https:\/\/www.europesays.com\/se\/wp-json\/wp\/v2\/media\/85840"}],"wp:attachment":[{"href":"https:\/\/www.europesays.com\/se\/wp-json\/wp\/v2\/media?parent=85839"}],"wp:term":[{"taxonomy":"category","embeddable":true,"href":"https:\/\/www.europesays.com\/se\/wp-json\/wp\/v2\/categories?post=85839"},{"taxonomy":"post_tag","embeddable":true,"href":"https:\/\/www.europesays.com\/se\/wp-json\/wp\/v2\/tags?post=85839"}],"curies":[{"name":"wp","href":"https:\/\/api.w.org\/{rel}","templated":true}]}}