{"id":85888,"date":"2025-11-20T18:24:10","date_gmt":"2025-11-20T18:24:10","guid":{"rendered":"https:\/\/www.europesays.com\/se\/85888\/"},"modified":"2025-11-20T18:24:10","modified_gmt":"2025-11-20T18:24:10","slug":"klart-ingen-shl-flytt-for-nhl-meriterade-backen","status":"publish","type":"post","link":"https:\/\/www.europesays.com\/se\/85888\/","title":{"rendered":"Klart: Ingen SHL-flytt f\u00f6r NHL-meriterade backen"},"content":{"rendered":"<p><strong>Christian Wolanin har l\u00e4nge kopplats ihop med <a href=\"https:\/\/hockeysverige.se\/klubb\/brynas-if\" rel=\"nofollow noopener\" target=\"_blank\">Bryn\u00e4s<\/a>. <br \/>Men det blir ingen Sverigeflytt f\u00f6r backen \u2013 som nu i st\u00e4llet \u00e4r klar f\u00f6r <a href=\"https:\/\/hockeysverige.se\/ahl\" rel=\"nofollow noopener\" target=\"_blank\">AHL<\/a>-spel. <\/strong><\/p>\n<p><img loading=\"lazy\" decoding=\"async\" width=\"1024\" height=\"658\" src=\"https:\/\/www.europesays.com\/se\/wp-content\/uploads\/2025\/11\/Christian-Wolanin-1024x658.webp.webp\" alt=\"Christian Wolanin.\" class=\"wp-image-327706\"  \/>Christian Wolanin stannar i AHL efter tiden som klubbl\u00f6s. <strong>Foto: <\/strong>Bob Frid-Imagn Images<\/p>\n<p>Han har g\u00e5tt klubbl\u00f6s hela h\u00f6sten och Christian Wolanin har d\u00e5 kopplats ihop med en m\u00f6jlig <a href=\"https:\/\/hockeysverige.se\/shl\" rel=\"nofollow noopener\" target=\"_blank\">SHL<\/a>-flytt. Framf\u00f6r allt har Bryn\u00e4s uppgetts visa intresse f\u00f6r Wolanin i sin backjakt innan de i st\u00e4llet landade i Luke Witkowski som <a href=\"https:\/\/hockeysverige.se\/shl\/brynas-kris-back-nhl-meriterade-witkowski-klar\/\" rel=\"nofollow noopener\" target=\"_blank\">presenterades f\u00f6rra veckan<\/a>. <\/p>\n<p>Men nej, det blir inte spel i Sverige alls f\u00f6r den 30-\u00e5rige f\u00f6rsvararen. <\/p>\n<p>Under torsdagen har Wolanin n\u00e4mligen gjort klart med en ny klubb i Nordamerika. Han <a href=\"https:\/\/www.providencebruins.com\/post\/providence-bruins-sign-christian-wolanin-and-shawn-element-to-pto-recall-jacob-perreault-from-marin\" rel=\"nofollow noopener\" target=\"_blank\">skriver p\u00e5 ett provspelskontrakt <\/a>med AHL-klubben Providence Bruins, som \u00e4r farmarlag till <a href=\"https:\/\/hockeysverige.se\/klubb\/boston-bruins\" rel=\"nofollow noopener\" target=\"_blank\">Boston Bruins<\/a>. <\/p>\n<p>Christian Wolanin har de senaste \u00e5ren spelat i <a href=\"https:\/\/hockeysverige.se\/klubb\/vancouver-canucks\" rel=\"nofollow noopener\" target=\"_blank\">Vancouver Canucks<\/a> organisation, d\u00e4r det mestadels blivit AHL-spel. D\u00e4r har han varit en toppback. S\u00e4songen 2022\/23 vann han backarnas po\u00e4ngliga och uts\u00e5gs \u00e4ven till ligans b\u00e4sta back efter 55 po\u00e4ng p\u00e5 49 matcher f\u00f6r Abbotsford Canucks. I fjol stod han ocks\u00e5 f\u00f6r en stark s\u00e4song med 40 po\u00e4ng p\u00e5 58 grundseriematcher samt tio po\u00e4ng p\u00e5 17 matcher i slutspelet n\u00e4r Abbotsford gick hela v\u00e4gen och blev Calder Cup-m\u00e4stare. <\/p>\n<p>Tidigare i sin karri\u00e4r har Wolanin spelat 86 <a href=\"https:\/\/hockeysverige.se\/nhl\" rel=\"nofollow noopener\" target=\"_blank\">NHL<\/a>-matcher f\u00f6r Ottawa Senators, Los Angeles Kings, Buffalo Sabres och Vancouver Canucks. 2021 var han med och tog VM-brons med USA.  <\/p>\n<p> Source: <a href=\"https:\/\/www.eliteprospects.com\/player\/188788\/christian-wolanin\" target=\"_blank\" rel=\"noopener noreferrer nofollow\">Christian Wolanin<\/a> @ Elite Prospects<\/p>\n","protected":false},"excerpt":{"rendered":"Christian Wolanin har l\u00e4nge kopplats ihop med Bryn\u00e4s. Men det blir ingen Sverigeflytt f\u00f6r backen \u2013 som nu&hellip;\n","protected":false},"author":2,"featured_media":85889,"comment_status":"","ping_status":"","sticky":false,"template":"","format":"standard","meta":{"footnotes":""},"categories":[68],"tags":[2544,34,133,134,111,110,31,33,32,30],"class_list":{"0":"post-85888","1":"post","2":"type-post","3":"status-publish","4":"format-standard","5":"has-post-thumbnail","7":"category-sport","8":"tag-ahl","9":"tag-se","10":"tag-second-news","11":"tag-shl","12":"tag-sport","13":"tag-sports","14":"tag-svenska","15":"tag-sverige","16":"tag-sweden","17":"tag-swedish"},"share_on_mastodon":{"url":"https:\/\/pubeurope.com\/@se\/115583429151957520","error":""},"_links":{"self":[{"href":"https:\/\/www.europesays.com\/se\/wp-json\/wp\/v2\/posts\/85888","targetHints":{"allow":["GET"]}}],"collection":[{"href":"https:\/\/www.europesays.com\/se\/wp-json\/wp\/v2\/posts"}],"about":[{"href":"https:\/\/www.europesays.com\/se\/wp-json\/wp\/v2\/types\/post"}],"author":[{"embeddable":true,"href":"https:\/\/www.europesays.com\/se\/wp-json\/wp\/v2\/users\/2"}],"replies":[{"embeddable":true,"href":"https:\/\/www.europesays.com\/se\/wp-json\/wp\/v2\/comments?post=85888"}],"version-history":[{"count":0,"href":"https:\/\/www.europesays.com\/se\/wp-json\/wp\/v2\/posts\/85888\/revisions"}],"wp:featuredmedia":[{"embeddable":true,"href":"https:\/\/www.europesays.com\/se\/wp-json\/wp\/v2\/media\/85889"}],"wp:attachment":[{"href":"https:\/\/www.europesays.com\/se\/wp-json\/wp\/v2\/media?parent=85888"}],"wp:term":[{"taxonomy":"category","embeddable":true,"href":"https:\/\/www.europesays.com\/se\/wp-json\/wp\/v2\/categories?post=85888"},{"taxonomy":"post_tag","embeddable":true,"href":"https:\/\/www.europesays.com\/se\/wp-json\/wp\/v2\/tags?post=85888"}],"curies":[{"name":"wp","href":"https:\/\/api.w.org\/{rel}","templated":true}]}}