{"id":85906,"date":"2025-11-20T19:11:14","date_gmt":"2025-11-20T19:11:14","guid":{"rendered":"https:\/\/www.europesays.com\/se\/85906\/"},"modified":"2025-11-20T19:11:14","modified_gmt":"2025-11-20T19:11:14","slug":"barnkonventionen-ar-en-naturlig-del-av-vardagen-i-forskolan","status":"publish","type":"post","link":"https:\/\/www.europesays.com\/se\/85906\/","title":{"rendered":"Barnkonventionen \u00e4r en naturlig del av vardagen i f\u00f6rskolan"},"content":{"rendered":"<p class=\"ahaboxbrodtext\">Varje \u00e5r den 20 november uppm\u00e4rksammas barns m\u00e4nskliga r\u00e4ttigheter lite extra i H\u00e5bo kommun, i samband med Barnkonventionens dag. P\u00e5 morgonen m\u00f6ts barn och familjer av t\u00e4nda ljuslyktor vid f\u00f6rskolornas grindar, som en symbol f\u00f6r barnens r\u00e4ttigheter.<\/p>\n<p class=\"ahaboxbrodtext\">P\u00e5 Nybyggets f\u00f6rskola arbetar f\u00f6rskoll\u00e4raren Jennifer Lantz, som ber\u00e4ttar att barnkonventionen \u00e4r svensk lag och genomsyrar f\u00f6rskolans arbete.<br \/>\u2013 Barnen \u00e4r viktiga medborgare h\u00e4r och nu och f\u00f6rtj\u00e4nar det b\u00e4sta varje dag. Barnkonventionen fungerar som v\u00e4gledning i mitt arbete med att v\u00e4rna om barnens r\u00e4ttigheter, inflytande och delaktighet. I v\u00e5r verksamhet m\u00f6ter de pedagoger som har tilltro till deras f\u00f6rm\u00e5gor och fr\u00e4mjar deras r\u00e4tt att uttrycka sig, bli respekterade och utforska sin omv\u00e4rld p\u00e5 ett meningsfullt s\u00e4tt. Jag arbetar aktivt f\u00f6r att g\u00f6ra barnen medvetna om r\u00e4ttigheter i vardagen, exempelvis r\u00e4tten till kroppslig integritet och m\u00f6jlighet att p\u00e5verka beslut som r\u00f6r dem sj\u00e4lva.<\/p>\n<p class=\"ahaboxbrodtext\">Tove Scott som \u00e4r f\u00f6rskoll\u00e4rare och arbetar p\u00e5 Fr\u00f6sundaviks f\u00f6rskola, ber\u00e4ttar att barns r\u00e4tt till kommunikation och delaktighet \u00e4r viktig.<br \/>\u2013 F\u00f6r mig \u00e4r barnkonventionen en naturlig del av arbetet varje dag. Ett tydligt exempel \u00e4r hur jag arbetar med barnens r\u00e4tt till kommunikation och delaktighet. Jag fokuserar p\u00e5 att vara lyh\u00f6rd f\u00f6r deras id\u00e9er, l\u00e5ter dem vara delaktiga i beslut och anpassar det vi g\u00f6r s\u00e5 att alla kan delta. En viktig del \u00e4r att skapa trygga relationer d\u00e4r barnen f\u00e5r stort utrymme att uttrycka och kommunicera sina tankar och k\u00e4nslor p\u00e5 olika s\u00e4tt, det kan exempelvis vara genom ber\u00e4ttande, m\u00e5leri, tecknande eller gestaltande.<\/p>\n<p>Barns m\u00e4nskliga r\u00e4ttigheter uppm\u00e4rksammas i H\u00e5bo kommun<\/p>\n<p class=\"ahaboxbrodtext\">P\u00e5 Barnkonventionens dag den 20 november t\u00e4nds fyra ljuslyktor utanf\u00f6r de kommunala f\u00f6rskolornas grindar. De symboliserar barnkonventionens fyra grundprinciper:<\/p>\n<ul class=\" env-text-list ahaboxbrodtext\">\n<li>Alla barn \u00e4r lika mycket v\u00e4rda och f\u00e5r inte diskrimineras.<\/li>\n<li>Vuxna ska alltid utg\u00e5 fr\u00e5n barnets b\u00e4sta n\u00e4r beslut fattas.<\/li>\n<li>Alla barn har r\u00e4tt till liv och utveckling samt en trygg barndom.<\/li>\n<li>Barn har r\u00e4tt att uttrycka sina \u00e5sikter och f\u00e5 dem beaktade utifr\u00e5n \u00e5lder och mognad.<\/li>\n<\/ul>\n<p class=\"ahaboxbrodtext\">\u00c4ven om det uppm\u00e4rksammas s\u00e4rskilt mycket den h\u00e4r dagen s\u00e5 p\u00e5g\u00e5r arbetet med barns r\u00e4ttigheter i kommunens verksamheter hela \u00e5ret.<\/p>\n<p>Om Barnkonventionen<\/p>\n<p class=\"ahaboxbrodtext\">FN:s konvention om barnets r\u00e4ttigheter &#8211; barnkonventionen, \u00e4r ett internationellt avtal om m\u00e4nskliga r\u00e4ttigheter f\u00f6r barn. 196 l\u00e4nder har skrivit under och f\u00f6rbundit sig att f\u00f6lja den.<\/p>\n<p class=\"ahaboxbrodtext\">L\u00e4s mer om <a href=\"https:\/\/unicef.se\/barnkonventionen\" rel=\"external nofollow noopener\" target=\"_blank\">Barnkonventionen \u2013 UNICEF Sverige\/unicef.se L\u00e4nk till annan webbplats, \u00f6ppnas i nytt f\u00f6nster.<\/a><\/p>\n","protected":false},"excerpt":{"rendered":"Varje \u00e5r den 20 november uppm\u00e4rksammas barns m\u00e4nskliga r\u00e4ttigheter lite extra i H\u00e5bo kommun, i samband med Barnkonventionens&hellip;\n","protected":false},"author":2,"featured_media":85907,"comment_status":"","ping_status":"","sticky":false,"template":"","format":"standard","meta":{"footnotes":""},"categories":[5],"tags":[22,23,26,27,17,21,24,25,28,29,15,16,18,34,31,33,32,30,19,20],"class_list":{"0":"post-85906","1":"post","2":"type-post","3":"status-publish","4":"format-standard","5":"has-post-thumbnail","7":"category-rubriker","8":"tag-breaking-news","9":"tag-breakingnews","10":"tag-featured-news","11":"tag-featurednews","12":"tag-headlines","13":"tag-huvudnyheter","14":"tag-latest-news","15":"tag-latestnews","16":"tag-main-news","17":"tag-mainnews","18":"tag-news","19":"tag-nyheter","20":"tag-rubriker","21":"tag-se","22":"tag-svenska","23":"tag-sverige","24":"tag-sweden","25":"tag-swedish","26":"tag-top-stories","27":"tag-topstories"},"share_on_mastodon":{"url":"https:\/\/pubeurope.com\/@se\/115583613873781959","error":""},"_links":{"self":[{"href":"https:\/\/www.europesays.com\/se\/wp-json\/wp\/v2\/posts\/85906","targetHints":{"allow":["GET"]}}],"collection":[{"href":"https:\/\/www.europesays.com\/se\/wp-json\/wp\/v2\/posts"}],"about":[{"href":"https:\/\/www.europesays.com\/se\/wp-json\/wp\/v2\/types\/post"}],"author":[{"embeddable":true,"href":"https:\/\/www.europesays.com\/se\/wp-json\/wp\/v2\/users\/2"}],"replies":[{"embeddable":true,"href":"https:\/\/www.europesays.com\/se\/wp-json\/wp\/v2\/comments?post=85906"}],"version-history":[{"count":0,"href":"https:\/\/www.europesays.com\/se\/wp-json\/wp\/v2\/posts\/85906\/revisions"}],"wp:featuredmedia":[{"embeddable":true,"href":"https:\/\/www.europesays.com\/se\/wp-json\/wp\/v2\/media\/85907"}],"wp:attachment":[{"href":"https:\/\/www.europesays.com\/se\/wp-json\/wp\/v2\/media?parent=85906"}],"wp:term":[{"taxonomy":"category","embeddable":true,"href":"https:\/\/www.europesays.com\/se\/wp-json\/wp\/v2\/categories?post=85906"},{"taxonomy":"post_tag","embeddable":true,"href":"https:\/\/www.europesays.com\/se\/wp-json\/wp\/v2\/tags?post=85906"}],"curies":[{"name":"wp","href":"https:\/\/api.w.org\/{rel}","templated":true}]}}