{"id":85912,"date":"2025-11-20T19:42:12","date_gmt":"2025-11-20T19:42:12","guid":{"rendered":"https:\/\/www.europesays.com\/se\/85912\/"},"modified":"2025-11-20T19:42:12","modified_gmt":"2025-11-20T19:42:12","slug":"snart-far-du-valja-hur-mycket-ai-innehall-du-far-se-pa-tiktok","status":"publish","type":"post","link":"https:\/\/www.europesays.com\/se\/85912\/","title":{"rendered":"Snart f\u00e5r du v\u00e4lja hur mycket AI-inneh\u00e5ll du f\u00e5r se p\u00e5 Tiktok"},"content":{"rendered":"<p>Publicerad 20 nov 2025 kl 20.31<\/p>\n<p>Tr\u00f6tt p\u00e5 allt AI-genererat inneh\u00e5ll p\u00e5 Tiktok? Inom kort kommer du f\u00e5 mer kontroll \u00f6ver hur mycket av den varan som visas f\u00f6r dig.\u00a0<\/p>\n<p>Nyheter, reportage och analyser i Sverige och i \u00f6vriga v\u00e4rlden.<img   alt=\"\"\/> <\/p>\n<p>Foto: Tiktok<\/p>\n<p>\u00d6ppna bild i helsk\u00e4rm<img loading=\"lazy\"   alt=\"\"\/><\/p>\n<p>Exempel p\u00e5 AI-genererat material som du kan filtrera bort p\u00e5 Tiktok inom kort. Detta \u00e4r allts\u00e5 inte en \u201d\u00e4kta\u201d bild.<\/p>\n<p>Foto: Google Gemini\/AI-genererat<\/p>\n<p>\u00d6ppna bild i helsk\u00e4rm<\/p>\n<p>Synen p\u00e5 AI-genererat inneh\u00e5ll varierar f\u00f6rst\u00e5s kraftigt fr\u00e5n person till person. Vissa tycker att det \u00e4r kul, andra tycker att det \u00e4r v\u00e4rdel\u00f6st, och n\u00e5gra har ingen aning om att det faktiskt \u00e4r AI-genererat inneh\u00e5ll de tittar p\u00e5.\u00a0<\/p>\n<p>Oavsett vilket l\u00e4ger du tillh\u00f6r s\u00e5 kommer du hursomhelst snart att f\u00e5 mer makt \u00f6ver hur mycket AI som visas i just ditt fl\u00f6de p\u00e5 <a href=\"https:\/\/www.expressen.se\/tagg\/organization\/tiktok\/\" class=\"\" rel=\"nofollow noopener\" target=\"_blank\">Tiktok<\/a>. Under de kommande veckorna rullas n\u00e4mligen en ny funktion ut som g\u00f6r att du kan styra m\u00e4ngden AI-inneh\u00e5ll med hj\u00e4lp av ett reglage under inst\u00e4llningarna.\u00a0<\/p>\n<p>Inf\u00f6r \u00e4ven en AI-m\u00e4rkning<\/p>\n<p>Det handlar om samma typ av reglage som redan finns f\u00f6r en rad olika \u00e4mnen p\u00e5 plattformen. Exakt n\u00e4r funktionen har n\u00e5tt alla anv\u00e4ndare \u00e4r i nul\u00e4get oklart, men det kan f\u00f6rst\u00e5s dr\u00f6ja ett tag innan den dyker upp i appen.\u00a0<\/p>\n<p>Den h\u00e4r funktionen kommer kort efter att Pinterest inf\u00f6rt en liknande. D\u00e4r har anv\u00e4ndare klagat p\u00e5 att AI-bilder tr\u00e4nger undan \u201driktigt\u201d inneh\u00e5ll.<\/p>\n<p>Tiktok kommer i samma veva \u00e4ven att inf\u00f6ra en osynlig vattenst\u00e4mpel p\u00e5 allt AI-genererat inneh\u00e5ll. Den som laddar upp AI-genererat inneh\u00e5ll p\u00e5 Tiktok har redan i dag krav p\u00e5 sig att vara transparent med den saken, s\u00e5 l\u00e4nge det handlar om realistiskt inneh\u00e5ll.\u00a0<\/p>\n","protected":false},"excerpt":{"rendered":"Publicerad 20 nov 2025 kl 20.31 Tr\u00f6tt p\u00e5 allt AI-genererat inneh\u00e5ll p\u00e5 Tiktok? Inom kort kommer du f\u00e5&hellip;\n","protected":false},"author":2,"featured_media":85913,"comment_status":"","ping_status":"","sticky":false,"template":"","format":"standard","meta":{"footnotes":""},"categories":[65],"tags":[72,70,71,423,34,61,31,33,32,30,64,966],"class_list":{"0":"post-85912","1":"post","2":"type-post","3":"status-publish","4":"format-standard","5":"has-post-thumbnail","7":"category-ekonomi","8":"tag-business","9":"tag-economy","10":"tag-ekonomi","11":"tag-organization-tiktok","12":"tag-se","13":"tag-sections-tech","14":"tag-svenska","15":"tag-sverige","16":"tag-sweden","17":"tag-swedish","18":"tag-topic-artificiell-intelligens","19":"tag-topic-sociala-medier"},"share_on_mastodon":{"url":"https:\/\/pubeurope.com\/@se\/115583735782331824","error":""},"_links":{"self":[{"href":"https:\/\/www.europesays.com\/se\/wp-json\/wp\/v2\/posts\/85912","targetHints":{"allow":["GET"]}}],"collection":[{"href":"https:\/\/www.europesays.com\/se\/wp-json\/wp\/v2\/posts"}],"about":[{"href":"https:\/\/www.europesays.com\/se\/wp-json\/wp\/v2\/types\/post"}],"author":[{"embeddable":true,"href":"https:\/\/www.europesays.com\/se\/wp-json\/wp\/v2\/users\/2"}],"replies":[{"embeddable":true,"href":"https:\/\/www.europesays.com\/se\/wp-json\/wp\/v2\/comments?post=85912"}],"version-history":[{"count":0,"href":"https:\/\/www.europesays.com\/se\/wp-json\/wp\/v2\/posts\/85912\/revisions"}],"wp:featuredmedia":[{"embeddable":true,"href":"https:\/\/www.europesays.com\/se\/wp-json\/wp\/v2\/media\/85913"}],"wp:attachment":[{"href":"https:\/\/www.europesays.com\/se\/wp-json\/wp\/v2\/media?parent=85912"}],"wp:term":[{"taxonomy":"category","embeddable":true,"href":"https:\/\/www.europesays.com\/se\/wp-json\/wp\/v2\/categories?post=85912"},{"taxonomy":"post_tag","embeddable":true,"href":"https:\/\/www.europesays.com\/se\/wp-json\/wp\/v2\/tags?post=85912"}],"curies":[{"name":"wp","href":"https:\/\/api.w.org\/{rel}","templated":true}]}}