{"id":85920,"date":"2025-11-20T19:55:14","date_gmt":"2025-11-20T19:55:14","guid":{"rendered":"https:\/\/www.europesays.com\/se\/85920\/"},"modified":"2025-11-20T19:55:14","modified_gmt":"2025-11-20T19:55:14","slug":"blir-inget-blavitt-mjallby-jagar","status":"publish","type":"post","link":"https:\/\/www.europesays.com\/se\/85920\/","title":{"rendered":"&#8221;Blir inget Bl\u00e5vitt&#8221; \u2013 Mj\u00e4llby jagar"},"content":{"rendered":"<p><strong>KUNGSBACKA. <a href=\"https:\/\/fotbolldirekt.se\/klubb\/ifk-goteborg\/\" rel=\"nofollow noopener\" target=\"_blank\">Isak Dahlqvist<\/a> har ryktats till IFK G\u00f6teborg.<br \/>Men n\u00e5gon flytt till stadsrivalen blir det inte.<br \/>\u2013 Det blir inget \u201dBl\u00e5vitt\u201d, s\u00e4ger \u00d6is-stj\u00e4rnan till FotbollDirekt. <\/strong><\/p>\n<p><img loading=\"lazy\" decoding=\"async\" width=\"1024\" height=\"576\" src=\"https:\/\/www.europesays.com\/se\/wp-content\/uploads\/2025\/11\/dahlqvist-1024x576.jpg\" alt=\"\" class=\"wp-image-342680\"  \/>Foto: Bildbyr\u00e5n <\/p>\n<p><a href=\"https:\/\/fotbolldirekt.se\/klubb\/orgryte-is-fotboll\/\" rel=\"nofollow noopener\" target=\"_blank\">\u00d6rgryte IS<\/a> ska kvala f\u00f6r allsvenskt kontrakt till 2026, och d\u00e4rmed kan den 16 \u00e5r l\u00e5nga \u00f6kenvandringen vara ett minne blott. D\u00e5 kan \u00d6is f\u00e5 klara sig utan en av sina st\u00f6rsta stj\u00e4rnor i en eventuell \u00e5terkomst till <a href=\"https:\/\/fotbolldirekt.se\/allsvenskan\/\" rel=\"nofollow noopener\" target=\"_blank\">allsvenskan<\/a>.<\/p>\n<p>Redan i somras kunde FotbollDirekt rapportera att stadsrivalen <a href=\"https:\/\/fotbolldirekt.se\/silly-season\/avslojar-blavitt-visar-intresse-efter-succen\/\" rel=\"nofollow noopener\" target=\"_blank\">IFK G\u00f6teborg var intresserat av \u00d6rgrytes <strong>Isak Dahlqvist<\/strong><\/a>, 24. Sedan dess har \u00e4ven succ\u00e9laget <a href=\"https:\/\/fotbolldirekt.se\/allsvenskan\/mjallby-har-utmanat-blavitt-om-ois-stjarnan\/\" rel=\"nofollow noopener\" target=\"_blank\">Mj\u00e4llby gett sig in i jakten p\u00e5 yttern<\/a>.<\/p>\n<p>\u2013 Jag brukar vara kategorisk och inte vilja kommentera spelare i andra klubbar och det vill jag forts\u00e4tta att vara.\u00a0Men det \u00e4r klart att vi \u00e4r v\u00e4l medvetna om Isak och f\u00f6ljer spelare som tidigare har varit hos oss, <a href=\"https:\/\/fotbolldirekt.se\/opublicerade-nyheter\/blavitt-vill-ha-succen-flera-vill-lagga-bud\/\" rel=\"nofollow noopener\" target=\"_blank\">sa IFK G\u00f6teborg-sportchefen Hannes Stiller<\/a> till FotbollDirekt i oktober. <\/p>\n<p>Men n\u00e5gon flytt till \u201dBl\u00e5vitt\u201d kommer det definitivt inte att blir enligt Dahlqvist sj\u00e4lv.<\/p>\n<p>\u2013 \u201dBl\u00e5vitt\u201d? Nej, det blir inget \u201dBl\u00e5vitt\u201d. Det blir det inte, s\u00e4ger han till FotbollDirekt.<\/p>\n<p><strong>Blir det \u00d6is f\u00f6r dig n\u00e4sta \u00e5r ocks\u00e5?<br \/><\/strong>\u2013 Ja, det f\u00e5r vi se.<\/p>\n<p><img loading=\"lazy\" decoding=\"async\" width=\"1024\" height=\"576\" src=\"https:\/\/www.europesays.com\/se\/wp-content\/uploads\/2025\/11\/dahlqvist-1-1024x576.jpg\" alt=\"250727 \u00d6rgrytes Isak Dahlqvist jublar efter 2-0 under fotbollsmatchen i Superettan mellan \u00d6rgryte och \u00d6stersund den 27 juli 2025 i G\u00f6teborg.&#10;\" class=\"wp-image-342681\"  \/>Dahlqvist. Foto: Bildbyr\u00e5n<\/p>\n<p><strong>En utlandsflytt?<\/strong><br \/>\u2013 Nej, men vi f\u00e5r se. Jag vet inte vad som h\u00e4nder riktigt. <\/p>\n<p>FotbollDirekt har tidigare avsl\u00f6jat att Mj\u00e4llby har utmanat Bl\u00e5vitt om Dahlqvist. D\u00e4r till finns det <a href=\"https:\/\/fotbolldirekt.se\/allsvenskan\/mjallby-har-utmanat-blavitt-om-ois-stjarnan\/\" rel=\"nofollow noopener\" target=\"_blank\">flera utl\u00e4ndska klubbar med i bilden<\/a> och att Dahlqvist ser det som en prioritet.<\/p>\n<p>Isak Dahlqvist har gjort sex m\u00e5l och elva assist f\u00f6r \u00d6rgryte i superettan i \u00e5r. Han \u00e4r fostrad i IFK G\u00f6teborgs akademiverksamhet.<\/p>\n<p>\u00d6is tar emot IFK Norrk\u00f6ping i kvalet till allsvenskan p\u00e5 l\u00f6rdag. Matchen startar klockan 15:00.<\/p>\n","protected":false},"excerpt":{"rendered":"KUNGSBACKA. Isak Dahlqvist har ryktats till IFK G\u00f6teborg.Men n\u00e5gon flytt till stadsrivalen blir det inte.\u2013 Det blir inget&hellip;\n","protected":false},"author":2,"featured_media":85921,"comment_status":"","ping_status":"","sticky":false,"template":"","format":"standard","meta":{"footnotes":""},"categories":[68],"tags":[34,115,111,110,31,33,32,30],"class_list":{"0":"post-85920","1":"post","2":"type-post","3":"status-publish","4":"format-standard","5":"has-post-thumbnail","7":"category-sport","8":"tag-se","9":"tag-senaste-nytt-2","10":"tag-sport","11":"tag-sports","12":"tag-svenska","13":"tag-sverige","14":"tag-sweden","15":"tag-swedish"},"share_on_mastodon":{"url":"https:\/\/pubeurope.com\/@se\/115583787120045278","error":""},"_links":{"self":[{"href":"https:\/\/www.europesays.com\/se\/wp-json\/wp\/v2\/posts\/85920","targetHints":{"allow":["GET"]}}],"collection":[{"href":"https:\/\/www.europesays.com\/se\/wp-json\/wp\/v2\/posts"}],"about":[{"href":"https:\/\/www.europesays.com\/se\/wp-json\/wp\/v2\/types\/post"}],"author":[{"embeddable":true,"href":"https:\/\/www.europesays.com\/se\/wp-json\/wp\/v2\/users\/2"}],"replies":[{"embeddable":true,"href":"https:\/\/www.europesays.com\/se\/wp-json\/wp\/v2\/comments?post=85920"}],"version-history":[{"count":0,"href":"https:\/\/www.europesays.com\/se\/wp-json\/wp\/v2\/posts\/85920\/revisions"}],"wp:featuredmedia":[{"embeddable":true,"href":"https:\/\/www.europesays.com\/se\/wp-json\/wp\/v2\/media\/85921"}],"wp:attachment":[{"href":"https:\/\/www.europesays.com\/se\/wp-json\/wp\/v2\/media?parent=85920"}],"wp:term":[{"taxonomy":"category","embeddable":true,"href":"https:\/\/www.europesays.com\/se\/wp-json\/wp\/v2\/categories?post=85920"},{"taxonomy":"post_tag","embeddable":true,"href":"https:\/\/www.europesays.com\/se\/wp-json\/wp\/v2\/tags?post=85920"}],"curies":[{"name":"wp","href":"https:\/\/api.w.org\/{rel}","templated":true}]}}