{"id":85922,"date":"2025-11-20T19:58:11","date_gmt":"2025-11-20T19:58:11","guid":{"rendered":"https:\/\/www.europesays.com\/se\/85922\/"},"modified":"2025-11-20T19:58:11","modified_gmt":"2025-11-20T19:58:11","slug":"konsumentverket-spar-kraftigt-lagre-matkostnader","status":"publish","type":"post","link":"https:\/\/www.europesays.com\/se\/85922\/","title":{"rendered":"Konsumentverket sp\u00e5r kraftigt l\u00e4gre matkostnader"},"content":{"rendered":"<p>Enligt Konsumentverkets nya ber\u00e4kningar f\u00e5r en barnfamilj med tv\u00e5 sm\u00e5 barn 20 procent l\u00e4gre matkostnader n\u00e4sta \u00e5r, rapporterar Ekot. Framf\u00f6r allt beror det p\u00e5 en \u00e4ndrad ber\u00e4kningsmetod, d\u00e4r man tar h\u00e4nsyn till den s\u00e4nkta matmomsen och nya kostr\u00e5d om mindre r\u00f6tt k\u00f6tt. Men framf\u00f6r allt tar myndigheten med i ber\u00e4kningen att svenskar lever ett mer stillasittande liv och d\u00e4rmed beh\u00f6ver en mindre m\u00e4ngd mat. <\/p>\n<p>S\u00e5 ber\u00e4kningen handlar inte fr\u00e4mst om att det kommer bli billigare att handla i aff\u00e4ren. D\u00e4remot kan siffrorna g\u00f6ra det l\u00e4ttare f\u00f6r den som vill ta mer bol\u00e5n. <\/p>\n<p>Omni \u00e4r politiskt obundna och oberoende. Vi str\u00e4var efter att ge fler perspektiv p\u00e5 nyheterna. Har du fr\u00e5gor eller synpunkter kring v\u00e5r rapportering? <a href=\"https:\/\/omni.se\/konsumentverket-spar-kraftigt-lagre-matkostnader\/a\/mailto:redaktion@omni.se\" class=\"ArticleActions_contactLink__W2F1M\" rel=\"nofollow noopener\" target=\"_blank\">Kontakta redaktionen<\/a><\/p>\n","protected":false},"excerpt":{"rendered":"Enligt Konsumentverkets nya ber\u00e4kningar f\u00e5r en barnfamilj med tv\u00e5 sm\u00e5 barn 20 procent l\u00e4gre matkostnader n\u00e4sta \u00e5r, rapporterar&hellip;\n","protected":false},"author":2,"featured_media":85923,"comment_status":"","ping_status":"","sticky":false,"template":"","format":"standard","meta":{"footnotes":""},"categories":[65],"tags":[72,70,71,2104,409,34,31,33,32,30],"class_list":{"0":"post-85922","1":"post","2":"type-post","3":"status-publish","4":"format-standard","5":"has-post-thumbnail","7":"category-ekonomi","8":"tag-business","9":"tag-economy","10":"tag-ekonomi","11":"tag-konsumentverket","12":"tag-mat-dryck","13":"tag-se","14":"tag-svenska","15":"tag-sverige","16":"tag-sweden","17":"tag-swedish"},"share_on_mastodon":{"url":"https:\/\/pubeurope.com\/@se\/115583798669822682","error":""},"_links":{"self":[{"href":"https:\/\/www.europesays.com\/se\/wp-json\/wp\/v2\/posts\/85922","targetHints":{"allow":["GET"]}}],"collection":[{"href":"https:\/\/www.europesays.com\/se\/wp-json\/wp\/v2\/posts"}],"about":[{"href":"https:\/\/www.europesays.com\/se\/wp-json\/wp\/v2\/types\/post"}],"author":[{"embeddable":true,"href":"https:\/\/www.europesays.com\/se\/wp-json\/wp\/v2\/users\/2"}],"replies":[{"embeddable":true,"href":"https:\/\/www.europesays.com\/se\/wp-json\/wp\/v2\/comments?post=85922"}],"version-history":[{"count":0,"href":"https:\/\/www.europesays.com\/se\/wp-json\/wp\/v2\/posts\/85922\/revisions"}],"wp:featuredmedia":[{"embeddable":true,"href":"https:\/\/www.europesays.com\/se\/wp-json\/wp\/v2\/media\/85923"}],"wp:attachment":[{"href":"https:\/\/www.europesays.com\/se\/wp-json\/wp\/v2\/media?parent=85922"}],"wp:term":[{"taxonomy":"category","embeddable":true,"href":"https:\/\/www.europesays.com\/se\/wp-json\/wp\/v2\/categories?post=85922"},{"taxonomy":"post_tag","embeddable":true,"href":"https:\/\/www.europesays.com\/se\/wp-json\/wp\/v2\/tags?post=85922"}],"curies":[{"name":"wp","href":"https:\/\/api.w.org\/{rel}","templated":true}]}}