{"id":85924,"date":"2025-11-20T20:00:10","date_gmt":"2025-11-20T20:00:10","guid":{"rendered":"https:\/\/www.europesays.com\/se\/85924\/"},"modified":"2025-11-20T20:00:10","modified_gmt":"2025-11-20T20:00:10","slug":"oroliga-foraldrar-slog-larm-minderariga-gripna-pa-tag-i-laholm","status":"publish","type":"post","link":"https:\/\/www.europesays.com\/se\/85924\/","title":{"rendered":"Oroliga f\u00f6r\u00e4ldrar slog larm \u2013 minder\u00e5riga gripna p\u00e5 t\u00e5g i Laholm"},"content":{"rendered":"<p><a data-test-tag=\"internal-link\" href=\"https:\/\/www.aftonbladet.se\/av\/beri-zangana-2\" class=\"hyperion-css-13ns1rr\" rel=\"nofollow noopener\" target=\"\" aria-label=\"Se alla artiklar av Beri Zangana\"><img decoding=\"async\" class=\"image-asset hyperion-css-n6kkq1\" data-test-tag=\"image-asset\" src=\"https:\/\/www.europesays.com\/se\/wp-content\/uploads\/2025\/11\/1763668810_876_630b0789-508e-4426-ac0e-f0a3067c84f6\"  alt=\"\"  loading=\"lazy\" fetchpriority=\"auto\" style=\"aspect-ratio:1900 \/ 1900\"\/><\/a>share-arrowDela<\/p>\n<p>unsaveSpara<\/p>\n<p>expand-left<\/p>\n<p>helsk\u00e4rm<img decoding=\"async\" class=\"image-asset hyperion-css-u06ts1\" data-test-tag=\"image-asset\" src=\"https:\/\/www.europesays.com\/se\/wp-content\/uploads\/2025\/11\/04a49312-6681-4858-b103-34080bada649\"  alt=\"Tre minder\u00e5riga misst\u00e4nks f\u00f6r f\u00f6rberedelse till mord. \"  loading=\"eager\" fetchpriority=\"high\" style=\"aspect-ratio:1500 \/ 784\"\/>Tre minder\u00e5riga misst\u00e4nks f\u00f6r f\u00f6rberedelse till mord. Foto: TT<\/p>\n<p class=\"hyperion-css-1shl3oz\" data-test-tag=\"lead-text\">N\u00e4r ett t\u00e5g rullade in p\u00e5 stationen i Laholm stod polisen redo. <\/p>\n<p class=\"hyperion-css-1shl3oz\" data-test-tag=\"lead-text\">Tre minder\u00e5riga frihetsber\u00f6vades och misst\u00e4nkts nu f\u00f6r grovt vapenbrott och f\u00f6rberedelse till mord.<\/p>\n<p class=\"hyperion-css-1shl3oz\" data-test-tag=\"lead-text\">Enligt uppgifter till Aftonbladet hade oroliga f\u00f6r\u00e4ldrar slagit larm.<\/p>\n<p class=\"hyperion-css-1v9qo5x\">Under onsdagskv\u00e4llen frihetsber\u00f6vades tre minder\u00e5riga personer p\u00e5 ett t\u00e5g i <a data-test-tag=\"internal-link\" href=\"https:\/\/www.aftonbladet.se\/lokala-nyheter\/laholm\" class=\"hyperion-css-15jkft9\" rel=\"nofollow noopener\" target=\"\" aria-label=\"Laholm\">Laholm<\/a>. <\/p>\n<p class=\"hyperion-css-1v9qo5x\">\u2013 De misst\u00e4nks f\u00f6r grovt vapenbrott och f\u00f6rberedelse till mord, s\u00e4ger polisens presstalesperson Christian Brattg\u00e5rd.<\/p>\n<p class=\"hyperion-css-1v9qo5x\">Han vill inte kommentera \u00e4rendet ytterligare med h\u00e4nvisning till den p\u00e5g\u00e5ende utredningen.<\/p>\n<p class=\"hyperion-css-1v9qo5x\">Enligt uppgifter till Aftonbladet slog f\u00f6r\u00e4ldrarna till en av pojkarna larm till polisen sedan deras son f\u00f6rsvunnit. Pojken befann sig f\u00f6rst p\u00e5 ett t\u00e5g i G\u00f6teborg och f\u00f6r\u00e4ldrarna fick kort d\u00e4refter veta att han var p\u00e5 v\u00e4g s\u00f6derut mot Lund.<\/p>\n<p class=\"hyperion-css-1v9qo5x\">Polisen ska ha v\u00e4ntat vid stationen i Laholm, d\u00e4r t\u00e5get stannade och de tre misst\u00e4nkta kunde gripas. <\/p>\n<p class=\"hyperion-css-1v9qo5x\">Vid frihetsber\u00f6vandet bar den pojke vars f\u00f6r\u00e4ldrar larmat polisen ett skarpt vapen, enligt Aftonbladets uppgifter.<\/p>\n","protected":false},"excerpt":{"rendered":"share-arrowDela unsaveSpara expand-left helsk\u00e4rmTre minder\u00e5riga misst\u00e4nks f\u00f6r f\u00f6rberedelse till mord. Foto: TT N\u00e4r ett t\u00e5g rullade in p\u00e5&hellip;\n","protected":false},"author":2,"featured_media":85925,"comment_status":"","ping_status":"","sticky":false,"template":"","format":"standard","meta":{"footnotes":""},"categories":[12],"tags":[22,23,26,27,17,21,24,25,28,29,15,16,18,34,31,33,32,30,19,20],"class_list":{"0":"post-85924","1":"post","2":"type-post","3":"status-publish","4":"format-standard","5":"has-post-thumbnail","7":"category-sverige","8":"tag-breaking-news","9":"tag-breakingnews","10":"tag-featured-news","11":"tag-featurednews","12":"tag-headlines","13":"tag-huvudnyheter","14":"tag-latest-news","15":"tag-latestnews","16":"tag-main-news","17":"tag-mainnews","18":"tag-news","19":"tag-nyheter","20":"tag-rubriker","21":"tag-se","22":"tag-svenska","23":"tag-sverige","24":"tag-sweden","25":"tag-swedish","26":"tag-top-stories","27":"tag-topstories"},"share_on_mastodon":{"url":"https:\/\/pubeurope.com\/@se\/115583806786918149","error":""},"_links":{"self":[{"href":"https:\/\/www.europesays.com\/se\/wp-json\/wp\/v2\/posts\/85924","targetHints":{"allow":["GET"]}}],"collection":[{"href":"https:\/\/www.europesays.com\/se\/wp-json\/wp\/v2\/posts"}],"about":[{"href":"https:\/\/www.europesays.com\/se\/wp-json\/wp\/v2\/types\/post"}],"author":[{"embeddable":true,"href":"https:\/\/www.europesays.com\/se\/wp-json\/wp\/v2\/users\/2"}],"replies":[{"embeddable":true,"href":"https:\/\/www.europesays.com\/se\/wp-json\/wp\/v2\/comments?post=85924"}],"version-history":[{"count":0,"href":"https:\/\/www.europesays.com\/se\/wp-json\/wp\/v2\/posts\/85924\/revisions"}],"wp:featuredmedia":[{"embeddable":true,"href":"https:\/\/www.europesays.com\/se\/wp-json\/wp\/v2\/media\/85925"}],"wp:attachment":[{"href":"https:\/\/www.europesays.com\/se\/wp-json\/wp\/v2\/media?parent=85924"}],"wp:term":[{"taxonomy":"category","embeddable":true,"href":"https:\/\/www.europesays.com\/se\/wp-json\/wp\/v2\/categories?post=85924"},{"taxonomy":"post_tag","embeddable":true,"href":"https:\/\/www.europesays.com\/se\/wp-json\/wp\/v2\/tags?post=85924"}],"curies":[{"name":"wp","href":"https:\/\/api.w.org\/{rel}","templated":true}]}}